{"id":2477,"date":"2026-09-02T12:10:37","date_gmt":"2026-09-02T12:10:37","guid":{"rendered":"https:\/\/resguardodigital.cl\/?p=2477"},"modified":"2026-09-02T12:10:37","modified_gmt":"2026-09-02T12:10:37","slug":"convergencia-de-ciberseguridad-y-seguridad-fisica-en-2026","status":"publish","type":"post","link":"https:\/\/resguardodigital.cl\/?p=2477","title":{"rendered":"Convergencia de Ciberseguridad y Seguridad F\u00edsica en 2026"},"content":{"rendered":"<div>\n<p class=\"wp-block-paragraph\">Durante a\u00f1os, la seguridad f\u00edsica y la ciberseguridad se han gestionado como dos \u00e1mbitos pr\u00e1cticamente independientes. Un equipo se ocupaba de proteger redes, servidores y datos, mientras otro controlaba c\u00e1maras, accesos o sistemas de vigilancia. Sin embargo, la creciente conectividad de estos dispositivos ha cambiado por completo este escenario. Hoy, una c\u00e1mara IP, un lector de credenciales o un sistema de reconocimiento de matr\u00edculas tambi\u00e9n forman parte de la infraestructura tecnol\u00f3gica de una organizaci\u00f3n y, por tanto, pueden convertirse en una puerta de entrada para una amenaza digital.<\/p>\n<p class=\"wp-block-paragraph\">Esta convergencia est\u00e1 obligando a las empresas e instituciones a replantear su estrategia, porque ya no asta con proteger los ordenadores y servidores, tambi\u00e9n hay que prestar atenci\u00f3n a todos aquellos dispositivos conectados que intervienen en la protecci\u00f3n de instalaciones, empleados y activos.<\/p>\n<h2 class=\"wp-block-heading\">Cuando una c\u00e1mara tambi\u00e9n forma parte de la red<\/h2>\n<p class=\"wp-block-paragraph\">Los sistemas modernos de videovigilancia y control de acceso han evolucionado notablemente. Muchos funcionan mediante redes IP, intercambian informaci\u00f3n con<br \/>servidores, almacenan datos y pueden administrarse a distancia. Esta conectividad aporta ventajas operativas, pero tambi\u00e9n ampl\u00eda la superficie que debe protegerse.<\/p>\n<p class=\"wp-block-paragraph\">Una mala configuraci\u00f3n, credenciales d\u00e9biles o un dispositivo sin actualizar pueden convertirse en puntos vulnerables dentro de la infraestructura. Por este motivo, los<br \/>responsables de seguridad f\u00edsica trabajan cada vez m\u00e1s cerca de los departamentos de TI.<\/p>\n<p class=\"wp-block-paragraph\">El Estado de la Seguridad Electr\u00f3nica 2026 de Genetec, elaborado a partir de las respuestas de m\u00e1s de 7.300 profesionales, se\u00f1ala precisamente que la ciberseguridad sigue figurando entre las principales prioridades del sector y que existe una colaboraci\u00f3n cada vez mayor entre los equipos de seguridad electr\u00f3nica y tecnolog\u00eda.<\/p>\n<h2 class=\"wp-block-heading\">Integrar sistemas para tener una visi\u00f3n m\u00e1s completa<\/h2>\n<p class=\"wp-block-paragraph\">Otro de los cambios importantes est\u00e1 relacionado con la forma de gestionar la informaci\u00f3n. Una organizaci\u00f3n puede disponer de c\u00e1maras, lectores de matr\u00edculas, controles de acceso, sensores y diferentes aplicaciones de seguridad. Si da herramienta funciona de manera aislada, supervisar todo el entorno resulta m\u00e1s complejo.<\/p>\n<p class=\"wp-block-paragraph\">Por eso est\u00e1n ganando peso las plataformas capaces de reunir distintas funciones bajo una misma infraestructura.  Actualmente existen <a href=\"https:\/\/www.genetec.com\/es\/\" target=\"_blank\" rel=\"noreferrer noopener\">soluciones de seguridad electr\u00f3nica<\/a> que combinan \u00e1reas como la gesti\u00f3n de v\u00eddeo, el control de acceso, el reconocimiento de matr\u00edculas o las comunicaciones, facilitando que los operadores trabajen desde un entorno m\u00e1s unificado. Genetec, por ejemplo, estructura su oferta precisamente alrededor de estas capacidades y de modelos de seguridad unificada.<\/p>\n<p class=\"wp-block-paragraph\">La integraci\u00f3n no elimina por s\u00ed sola los riesgos, pero permite reducir la fragmentaci\u00f3n tecnol\u00f3gica y aplicar pol\u00edticas de seguridad m\u00e1s coherentes en diferentes ubicaciones y dispositivos.<\/p>\n<h2 class=\"wp-block-heading\">La nube h\u00edbrida gana protagonismo<\/h2>\n<p class=\"wp-block-paragraph\">La evoluci\u00f3n hacia la nube tampoco implica necesariamente trasladarlo todo fuera de las instalaciones. Las organizaciones est\u00e1n mostrando un creciente inter\u00e9s por los modelos h\u00edbridos, en los que determinadas cargas permanecen localmente mientras otras se gestionan desde servicios cloud.<\/p>\n<p class=\"wp-block-paragraph\">Seg\u00fan las tendencias identificadas por Genetec para 2026, las  empresas buscan precisamente flexibilidad para decidir qu\u00e9 sistemas mantener on-premise, cu\u00e1les trasladar a la nube y c\u00f3mo combinar ambos modelos. Adem\u00e1s, el 72 % de los consultores encuestados por la compa\u00f1\u00eda se\u00f1alaba que ten\u00eda previsto recomendar implementaciones h\u00edbridas a sus clientes.<\/p>\n<p class=\"wp-block-paragraph\">Esta flexibilidad puede resultar especialmente \u00fatil para organizaciones con instalaciones distribuidas, requisitos regulatorios espec\u00edficos o infraestructuras heredadas que no pueden sustituirse de inmediato.<\/p>\n<h2 class=\"wp-block-heading\">La inteligencia artificial a\u00f1ade una nueva capa<\/h2>\n<p class=\"wp-block-paragraph\">La IA tambi\u00e9n est\u00e1 entrando con fuerza en este \u00e1mbito. Sus aplicaciones abarcan desde la clasificaci\u00f3n de alertas hasta el an\u00e1lisis de v\u00eddeo y la automatizaci\u00f3n de determinadas tareas operativas. En el informe de Genetec, el 45 % de los usuarios finales situaba la inteligencia artificial entre sus prioridades para 2026, frente al 21 % del a\u00f1o anterior.<\/p>\n<p class=\"wp-block-paragraph\">Pero incorporar nuevas capacidades tambi\u00e9n exige analizar c\u00f3mo se recopilan, procesan y protegen los datos. La tendencia, por tanto, apunta hacia una seguridad cada vez m\u00e1s transversal.<\/p>\n<p class=\"wp-block-paragraph\">La separaci\u00f3n tradicional entre el mundo f\u00edsico y el digital pierde sentido cuando pr\u00e1cticamente todos los sistemas est\u00e1n conectados. Para las organizaciones, el reto ya no consiste \u00fanicamente en impedir accesos no autorizados a un edificio o proteger una red inform\u00e1tica, sino en dise\u00f1ar una estrategia conjunta capaz de proteger ambos entornos<br \/>como una \u00fanica infraestructura.<\/p>\n<\/div>\n","protected":false},"excerpt":{"rendered":"<p>Durante a\u00f1os, la seguridad f\u00edsica y la ciberseguridad se han gestionado como dos \u00e1mbitos pr\u00e1cticamente independientes. Un equipo<\/p>\n","protected":false},"author":1,"featured_media":2478,"comment_status":"open","ping_status":"closed","sticky":false,"template":"","format":"standard","meta":{"footnotes":""},"categories":[4],"tags":[60,1050,1656,180],"class_list":["post-2477","post","type-post","status-publish","format-standard","has-post-thumbnail","hentry","category-newsbeat","tag-ciberseguridad","tag-convergencia","tag-fisica","tag-seguridad"],"_links":{"self":[{"href":"https:\/\/resguardodigital.cl\/index.php?rest_route=\/wp\/v2\/posts\/2477","targetHints":{"allow":["GET"]}}],"collection":[{"href":"https:\/\/resguardodigital.cl\/index.php?rest_route=\/wp\/v2\/posts"}],"about":[{"href":"https:\/\/resguardodigital.cl\/index.php?rest_route=\/wp\/v2\/types\/post"}],"author":[{"embeddable":true,"href":"https:\/\/resguardodigital.cl\/index.php?rest_route=\/wp\/v2\/users\/1"}],"replies":[{"embeddable":true,"href":"https:\/\/resguardodigital.cl\/index.php?rest_route=%2Fwp%2Fv2%2Fcomments&post=2477"}],"version-history":[{"count":0,"href":"https:\/\/resguardodigital.cl\/index.php?rest_route=\/wp\/v2\/posts\/2477\/revisions"}],"wp:featuredmedia":[{"embeddable":true,"href":"https:\/\/resguardodigital.cl\/index.php?rest_route=\/wp\/v2\/media\/2478"}],"wp:attachment":[{"href":"https:\/\/resguardodigital.cl\/index.php?rest_route=%2Fwp%2Fv2%2Fmedia&parent=2477"}],"wp:term":[{"taxonomy":"category","embeddable":true,"href":"https:\/\/resguardodigital.cl\/index.php?rest_route=%2Fwp%2Fv2%2Fcategories&post=2477"},{"taxonomy":"post_tag","embeddable":true,"href":"https:\/\/resguardodigital.cl\/index.php?rest_route=%2Fwp%2Fv2%2Ftags&post=2477"}],"curies":[{"name":"wp","href":"https:\/\/api.w.org\/{rel}","templated":true}]}}