{"id":2467,"date":"2026-08-30T22:00:56","date_gmt":"2026-08-30T22:00:56","guid":{"rendered":"https:\/\/resguardodigital.cl\/?p=2467"},"modified":"2026-08-30T22:00:56","modified_gmt":"2026-08-30T22:00:56","slug":"los-sistemas-de-acceso-nueva-superficie-de-ataque","status":"publish","type":"post","link":"https:\/\/resguardodigital.cl\/?p=2467","title":{"rendered":"Los sistemas de acceso, nueva superficie de ataque"},"content":{"rendered":"<div>\n<p class=\"wp-block-paragraph\"><a href=\"https:\/\/www.genetec.com\/es\/\" target=\"_blank\" rel=\"noreferrer noopener\">Genetec<\/a>, empresa global de software de seguridad f\u00edsica empresarial, advierte de que la creciente conexi\u00f3n de los sistemas de control de acceso con redes corporativas, plataformas de gesti\u00f3n de identidades y aplicaciones empresariales est\u00e1 transformando su papel dentro de las organizaciones. Lo que tradicionalmente se consideraba una herramienta destinada a gestionar qui\u00e9n pod\u00eda entrar en un edificio forma hoy parte de una superficie de ataque cada vez m\u00e1s amplia, en la que convergen la seguridad f\u00edsica y la ciberseguridad. Lectores, controladores, credenciales y software de gesti\u00f3n generan y almacenan informaci\u00f3n sensible y se comunican con otros sistemas corporativos. Si est\u00e1n mal protegidos, desactualizados o deficientemente administrados, pueden crear riesgos tanto digitales como f\u00edsicos.<\/p>\n<p class=\"wp-block-paragraph\">Esta evoluci\u00f3n coincide con un escenario en el que la identidad y las credenciales se han convertido en un objetivo prioritario para los ciberdelincuentes. De hecho, el <a href=\"https:\/\/flashpoint.io\/resources\/report\/flashpoint-global-threat-intelligence-report-2026\/\" target=\"_blank\" rel=\"noreferrer noopener\"><em>Global Threat Intelligence Report 2026<\/em><\/a> de Flashpoint identifica la explotaci\u00f3n de identidades como uno de los principales vectores del cibercrimen y cifra en 3.300 millones las credenciales robadas durante 2025 a partir de 11,1 millones de dispositivos infectados.<\/p>\n<p class=\"wp-block-paragraph\">En este contexto, Genetec recomienda que los sistemas de seguridad f\u00edsica se sometan a las mismas exigencias que cualquier otra tecnolog\u00eda conectada a la red empresarial. Las organizaciones necesitan saber con qu\u00e9 rapidez pueden aplicar actualizaciones, si las comunicaciones est\u00e1n cifradas, c\u00f3mo se autentican los usuarios, qu\u00e9 visibilidad existe sobre posibles vulnerabilidades y de qu\u00e9 manera se aplican las pol\u00edticas de seguridad en distintas ubicaciones.<\/p>\n<p class=\"wp-block-paragraph\">Esta transformaci\u00f3n exige tambi\u00e9n una colaboraci\u00f3n m\u00e1s estrecha entre seguridad f\u00edsica y TI. Ya no basta con conocer qui\u00e9n puede acceder a una determinada zona. Las empresas necesitan saber qui\u00e9n administra el sistema, c\u00f3mo se conceden y revocan los permisos, cu\u00e1ndo se revisaron por \u00faltima vez y si estas decisiones pueden auditarse de forma coherente.<\/p>\n<h3 class=\"wp-block-heading\">El crecimiento dificulta el control de los permisos<\/h3>\n<p class=\"wp-block-paragraph\">El problema se acent\u00faa en organizaciones con m\u00faltiples sedes, adquisiciones, contratistas, trabajadores temporales o frecuentes cambios de puesto. Cuando diferentes centros utilizan procedimientos distintos para conceder credenciales, aprobar solicitudes o revisar permisos, aumenta el riesgo de perder una visi\u00f3n global sobre qui\u00e9n tiene acceso a cada instalaci\u00f3n.<\/p>\n<p class=\"wp-block-paragraph\">Como consecuencia, algunos empleados pueden conservar permisos que ya no necesitan, las pol\u00edticas pueden variar injustificadamente entre sedes y los equipos de seguridad pueden tener dificultades para detectar permisos obsoletos o comportamientos an\u00f3malos.<\/p>\n<p class=\"wp-block-paragraph\">Por ello, Genetec apunta a la estandarizaci\u00f3n y automatizaci\u00f3n como elementos esenciales para hacer escalable la gesti\u00f3n del acceso. Los modelos basados en roles y la integraci\u00f3n con los sistemas de Recursos Humanos y gesti\u00f3n de identidades permiten ajustar autom\u00e1ticamente los permisos a las responsabilidades actuales de cada persona y evitar que se mantengan accesos concedidos por necesidades que ya no existen.<\/p>\n<p class=\"wp-block-paragraph\"><em>\u201cA medida que el control de acceso se integra cada vez m\u00e1s con las redes corporativas y las plataformas de gesti\u00f3n de identidades, ya no puede considerarse una infraestructura aislada. Las organizaciones necesitan saber no solo qui\u00e9n puede abrir una puerta, sino por qu\u00e9 conserva ese permiso, cu\u00e1ndo se revis\u00f3 por \u00faltima vez y si esa decisi\u00f3n puede aplicarse y auditarse de forma coherente en todas sus instalaciones\u201d<\/em>, afirma <strong>Rafael Mart\u00edn, Sales Director Southern Europe de Genetec<\/strong><\/p>\n<p class=\"wp-block-paragraph\">Para Genetec, modernizar el control de acceso ya no consiste \u00fanicamente en renovar el hardware. Tambi\u00e9n requiere establecer procesos claros, mantener una supervisi\u00f3n continua, automatizar la gesti\u00f3n de permisos y reforzar la coordinaci\u00f3n entre los equipos de seguridad f\u00edsica, TI, compliance y gesti\u00f3n de riesgos.<\/p>\n<\/div>\n","protected":false},"excerpt":{"rendered":"<p>Genetec, empresa global de software de seguridad f\u00edsica empresarial, advierte de que la creciente conexi\u00f3n de los sistemas<\/p>\n","protected":false},"author":1,"featured_media":2468,"comment_status":"open","ping_status":"closed","sticky":false,"template":"","format":"standard","meta":{"footnotes":""},"categories":[4],"tags":[698,343,36,136,122,731],"class_list":["post-2467","post","type-post","status-publish","format-standard","has-post-thumbnail","hentry","category-newsbeat","tag-acceso","tag-ataque","tag-los","tag-nueva","tag-sistemas","tag-superficie"],"_links":{"self":[{"href":"https:\/\/resguardodigital.cl\/index.php?rest_route=\/wp\/v2\/posts\/2467","targetHints":{"allow":["GET"]}}],"collection":[{"href":"https:\/\/resguardodigital.cl\/index.php?rest_route=\/wp\/v2\/posts"}],"about":[{"href":"https:\/\/resguardodigital.cl\/index.php?rest_route=\/wp\/v2\/types\/post"}],"author":[{"embeddable":true,"href":"https:\/\/resguardodigital.cl\/index.php?rest_route=\/wp\/v2\/users\/1"}],"replies":[{"embeddable":true,"href":"https:\/\/resguardodigital.cl\/index.php?rest_route=%2Fwp%2Fv2%2Fcomments&post=2467"}],"version-history":[{"count":0,"href":"https:\/\/resguardodigital.cl\/index.php?rest_route=\/wp\/v2\/posts\/2467\/revisions"}],"wp:featuredmedia":[{"embeddable":true,"href":"https:\/\/resguardodigital.cl\/index.php?rest_route=\/wp\/v2\/media\/2468"}],"wp:attachment":[{"href":"https:\/\/resguardodigital.cl\/index.php?rest_route=%2Fwp%2Fv2%2Fmedia&parent=2467"}],"wp:term":[{"taxonomy":"category","embeddable":true,"href":"https:\/\/resguardodigital.cl\/index.php?rest_route=%2Fwp%2Fv2%2Fcategories&post=2467"},{"taxonomy":"post_tag","embeddable":true,"href":"https:\/\/resguardodigital.cl\/index.php?rest_route=%2Fwp%2Fv2%2Ftags&post=2467"}],"curies":[{"name":"wp","href":"https:\/\/api.w.org\/{rel}","templated":true}]}}