{"id":2379,"date":"2026-08-05T23:36:59","date_gmt":"2026-08-05T23:36:59","guid":{"rendered":"https:\/\/resguardodigital.cl\/?p=2379"},"modified":"2026-08-05T23:36:59","modified_gmt":"2026-08-05T23:36:59","slug":"la-ia-y-la-reduccion-de-personal-elevan-el-riesgo-de-ciberataques-en-verano","status":"publish","type":"post","link":"https:\/\/resguardodigital.cl\/?p=2379","title":{"rendered":"La IA y la reducci\u00f3n de personal elevan el riesgo de ciberataques en verano"},"content":{"rendered":"<p class=\"wp-block-paragraph\">El verano no solo supone un reto para la continuidad del negocio por la reducci\u00f3n de personal y los cambios operativos propios del periodo vacacional. Tambi\u00e9n representa una ventana de oportunidad para los ciberdelincuentes, especialmente en sectores de alta actividad estacional como el turismo, la hosteler\u00eda, el transporte o la log\u00edstica.<\/p>\n<p class=\"wp-block-paragraph\">Aunque las estad\u00edsticas de los \u00faltimos a\u00f1os no reflejan un incremento significativo del n\u00famero de ataques durante los meses estivales, organismos como ENISA o CERT-EU advierten de que las organizaciones con mayor dependencia de la disponibilidad de sus sistemas se convierten en objetivos especialmente atractivos para campa\u00f1as de ransomware y otras amenazas. A ello se suma la r\u00e1pida evoluci\u00f3n de la inteligencia artificial, que est\u00e1 acelerando el descubrimiento y la explotaci\u00f3n de vulnerabilidades por parte de actores maliciosos.<\/p>\n<p class=\"wp-block-paragraph\">En este contexto, desde <strong>Commvault <\/strong>recuerdan que la preparaci\u00f3n no debe centrarse \u00fanicamente en prevenir un ataque, sino tambi\u00e9n en garantizar la capacidad de la organizaci\u00f3n para mantener la actividad y recuperarse de forma r\u00e1pida, limpia y segura cuando se produzca un incidente.<\/p>\n<p class=\"wp-block-paragraph\">Para reforzar esa ciberresiliencia durante el verano, Commvault recomienda:<\/p>\n<ul class=\"wp-block-list\">\n<li><strong>Establecer un modo operativo de verano<\/strong>, definiendo claramente los servicios cr\u00edticos, responsables, suplencias y procedimientos de escalado.<\/li>\n<li><strong>Evitar dependencias de una \u00fanica persona<\/strong>, asegurando la continuidad operativa mediante planes de sustituci\u00f3n para funciones cr\u00edticas como administraci\u00f3n, gesti\u00f3n de identidades, seguridad, nube o copias de seguridad.<\/li>\n<li><strong>Mantener una vigilancia constante sobre vulnerabilidades y parches<\/strong>, priorizando la correcci\u00f3n de aquellas que puedan ser explotadas r\u00e1pidamente, especialmente ante el auge de herramientas de IA capaces de acelerar su identificaci\u00f3n.<\/li>\n<li><strong>Reducir los cambios no esenciales<\/strong> durante el periodo vacacional, manteniendo \u00fanicamente los cambios cr\u00edticos relacionados con la seguridad y la continuidad del negocio.<\/li>\n<li><strong>Verificar la capacidad real de recuperaci\u00f3n<\/strong>, realizando pruebas peri\u00f3dicas de restauraci\u00f3n, comprobando la integridad de las copias de seguridad y asegurando que existan copias inmutables o aisladas que permitan recuperar los sistemas tras un ataque.<\/li>\n<li><strong>Poner a prueba los planes de respuesta ante incidentes<\/strong>, mediante simulaciones que contemplen escenarios como ransomware, compromiso de cuentas o interrupciones de servicios cloud.<\/li>\n<\/ul>\n<p class=\"wp-block-paragraph\">\u00abLa ciberresiliencia no consiste \u00fanicamente en evitar un ataque, sino en garantizar que la organizaci\u00f3n pueda seguir operando y recuperarse con rapidez cuando este se produzca. Durante el verano, cuando los equipos trabajan con recursos m\u00e1s limitados y la IA est\u00e1 acelerando la capacidad de los atacantes para identificar y explotar vulnerabilidades, contar con una estrategia de recuperaci\u00f3n probada, segura e inmutable deja de ser una buena pr\u00e1ctica para convertirse en una necesidad\u00bb, se\u00f1alan desde <strong>Commvault<\/strong>.<\/p>\n<p class=\"wp-block-paragraph\">El periodo estival representa una oportunidad para revisar procesos, validar capacidades de recuperaci\u00f3n y reforzar la coordinaci\u00f3n entre los equipos de TI, seguridad y negocio. Prepararse ahora permitir\u00e1 afrontar con mayores garant\u00edas no solo el verano, sino tambi\u00e9n el resto del a\u00f1o.<\/p>\n<p>La entrada La IA y la reducci\u00f3n de personal elevan el riesgo de ciberataques en verano se public\u00f3 primero en CyberSecurity News.<\/p>\n","protected":false},"excerpt":{"rendered":"<p>El verano no solo supone un reto para la continuidad del negocio por la reducci\u00f3n de personal y<\/p>\n","protected":false},"author":1,"featured_media":2380,"comment_status":"open","ping_status":"closed","sticky":false,"template":"","format":"standard","meta":{"footnotes":""},"categories":[4],"tags":[30,1240,422,1502,323,1070],"class_list":["post-2379","post","type-post","status-publish","format-standard","has-post-thumbnail","hentry","category-newsbeat","tag-ciberataques","tag-elevan","tag-personal","tag-reduccion","tag-riesgo","tag-verano"],"_links":{"self":[{"href":"https:\/\/resguardodigital.cl\/index.php?rest_route=\/wp\/v2\/posts\/2379","targetHints":{"allow":["GET"]}}],"collection":[{"href":"https:\/\/resguardodigital.cl\/index.php?rest_route=\/wp\/v2\/posts"}],"about":[{"href":"https:\/\/resguardodigital.cl\/index.php?rest_route=\/wp\/v2\/types\/post"}],"author":[{"embeddable":true,"href":"https:\/\/resguardodigital.cl\/index.php?rest_route=\/wp\/v2\/users\/1"}],"replies":[{"embeddable":true,"href":"https:\/\/resguardodigital.cl\/index.php?rest_route=%2Fwp%2Fv2%2Fcomments&post=2379"}],"version-history":[{"count":0,"href":"https:\/\/resguardodigital.cl\/index.php?rest_route=\/wp\/v2\/posts\/2379\/revisions"}],"wp:featuredmedia":[{"embeddable":true,"href":"https:\/\/resguardodigital.cl\/index.php?rest_route=\/wp\/v2\/media\/2380"}],"wp:attachment":[{"href":"https:\/\/resguardodigital.cl\/index.php?rest_route=%2Fwp%2Fv2%2Fmedia&parent=2379"}],"wp:term":[{"taxonomy":"category","embeddable":true,"href":"https:\/\/resguardodigital.cl\/index.php?rest_route=%2Fwp%2Fv2%2Fcategories&post=2379"},{"taxonomy":"post_tag","embeddable":true,"href":"https:\/\/resguardodigital.cl\/index.php?rest_route=%2Fwp%2Fv2%2Ftags&post=2379"}],"curies":[{"name":"wp","href":"https:\/\/api.w.org\/{rel}","templated":true}]}}