{"id":2330,"date":"2026-07-30T20:36:46","date_gmt":"2026-07-30T20:36:46","guid":{"rendered":"https:\/\/resguardodigital.cl\/?p=2330"},"modified":"2026-07-30T20:36:47","modified_gmt":"2026-07-30T20:36:47","slug":"el-autor-del-hackeo-a-endesa-hace-publicos-datos-de-300-000-clientes","status":"publish","type":"post","link":"https:\/\/resguardodigital.cl\/?p=2330","title":{"rendered":"El autor del hackeo a Endesa hace p\u00fablicos datos de 300.000 clientes"},"content":{"rendered":"\n<p class=\"wp-block-paragraph\">El&nbsp;<strong>hackeo a Endesa&nbsp;<\/strong>que adelantamos&nbsp;en&nbsp;<em>Escudo Digital&nbsp;<\/em>suma ahora un nuevo y preocupante episodio. En una conversaci\u00f3n exclusiva con este medio,<strong>&nbsp;Spain, el actor de amenazas que afirma estar vinculado al ataque, asegura haber hecho p\u00fablicos datos personales de 300.000 usuarios<\/strong>&nbsp;y sit\u00faa la responsabilidad&nbsp;<em>\u201cal 100% en manos de Endesa\u201d<\/em>.<\/p>\n\n\n\n<p class=\"wp-block-paragraph\"><em>\u201cHe subido 300.000 de ejemplo\u201d<\/em>, comenta en un mensaje a este periodista, en el que tambi\u00e9n a\u00f1ade que\u00a0<em>\u201cqueda 100% en las manos de Endesa\u201d<\/em>\u00a0e insiste en que \u00ab<em>yo he estado y estoy dispuesto a colaborar\u201d<\/em>.Para que no haya &#8216;confusiones&#8217; el ciberdelincuente se\u00f1ala en su post en la dark web que est\u00e1 viendo un mont\u00f3n de gente que se jacta de ver su base de datos, pero advierte de que son&nbsp;<em>\u00ab100% scammers, nadie tiene esta base. No confi\u00e9is en ellos, porque no la tienen\u00bb<\/em>, subraya.&nbsp;<\/p>\n\n\n\n<p class=\"wp-block-paragraph\">En la conversaci\u00f3n mantenida con este medio, el pirata inform\u00e1tico asevera&nbsp;<strong>haber contactado con Endesa en varias ocasiones<\/strong>:&nbsp;<em>\u201cEs esperar a que respondan, ya les he enviado mails. Les estoy dando tiempo de m\u00e1s para que no termine en desastre\u201d<\/em>, amenaza.&nbsp;<br><br>Spain tambi\u00e9n&nbsp;<strong>se ha marcado un plazo&nbsp;<\/strong>para hacer p\u00fablica toda la muestra, que supuestamente asciende a&nbsp;<strong>20 millones de clientes y exclientes<\/strong>&nbsp;de la compa\u00f1\u00eda.&nbsp;<em>\u201cEsperar\u00e9 hasta el 2-3 de febrero\u201d<\/em>, sentencia.<\/p>\n\n\n\n<p class=\"wp-block-paragraph\">Estas declaraciones se producen d\u00edas despu\u00e9s de que la energ\u00e9tica reconociera una brecha de seguridad en su plataforma comercial, que habr\u00eda permitido a terceros acceder a informaci\u00f3n sensible de clientes, incluyendo datos identificativos, contratos y, en algunos casos, informaci\u00f3n bancaria.Un incidente a\u00fan bajo investigaci\u00f3n<\/p>\n\n\n\n<p class=\"wp-block-paragraph\">Endesa confirm\u00f3 a mediados de enero haber detectado un acceso no autorizado a sus sistemas y haber activado sus protocolos de seguridad, as\u00ed como haber notificado a la Agencia Espa\u00f1ola de Protecci\u00f3n de Datos y a las fuerzas de seguridad. La compa\u00f1\u00eda se\u00f1al\u00f3 que no se habr\u00edan visto comprometidas contrase\u00f1as, pero s\u00ed datos personales relevantes, como los mencionados.<br><br>Esta publicaci\u00f3n de una muestra masiva de registros&nbsp;<strong>elevar\u00eda notablemente el nivel de riesgo para los afectados<\/strong>&nbsp;y plantear\u00eda&nbsp;nuevas inc\u00f3gnitas sobre el alcance real de la brecha.<br><br>Por el momento,<strong>&nbsp;no se ha podido verificar de forma independiente a trav\u00e9s&nbsp;de terceros<\/strong>&nbsp;si los 300.000 registros a los que hace referencia el pirata inform\u00e1tico proceden del mismo incidente reconocido por Endesa o de una fuente distinta. Seguiremos atentos a los pr\u00f3ximos movimientos de Spain y de posibles comunicados de Endesa.<\/p>\n","protected":false},"excerpt":{"rendered":"<p>El&nbsp;hackeo a Endesa&nbsp;que adelantamos&nbsp;en&nbsp;Escudo Digital&nbsp;suma ahora un nuevo y preocupante episodio. En una conversaci\u00f3n exclusiva con este medio,&nbsp;Spain,<\/p>\n","protected":false},"author":1,"featured_media":2331,"comment_status":"open","ping_status":"closed","sticky":false,"template":"","format":"standard","meta":{"footnotes":""},"categories":[1],"tags":[],"class_list":["post-2330","post","type-post","status-publish","format-standard","has-post-thumbnail","hentry","category-uncategorized"],"_links":{"self":[{"href":"https:\/\/resguardodigital.cl\/index.php?rest_route=\/wp\/v2\/posts\/2330","targetHints":{"allow":["GET"]}}],"collection":[{"href":"https:\/\/resguardodigital.cl\/index.php?rest_route=\/wp\/v2\/posts"}],"about":[{"href":"https:\/\/resguardodigital.cl\/index.php?rest_route=\/wp\/v2\/types\/post"}],"author":[{"embeddable":true,"href":"https:\/\/resguardodigital.cl\/index.php?rest_route=\/wp\/v2\/users\/1"}],"replies":[{"embeddable":true,"href":"https:\/\/resguardodigital.cl\/index.php?rest_route=%2Fwp%2Fv2%2Fcomments&post=2330"}],"version-history":[{"count":1,"href":"https:\/\/resguardodigital.cl\/index.php?rest_route=\/wp\/v2\/posts\/2330\/revisions"}],"predecessor-version":[{"id":2332,"href":"https:\/\/resguardodigital.cl\/index.php?rest_route=\/wp\/v2\/posts\/2330\/revisions\/2332"}],"wp:featuredmedia":[{"embeddable":true,"href":"https:\/\/resguardodigital.cl\/index.php?rest_route=\/wp\/v2\/media\/2331"}],"wp:attachment":[{"href":"https:\/\/resguardodigital.cl\/index.php?rest_route=%2Fwp%2Fv2%2Fmedia&parent=2330"}],"wp:term":[{"taxonomy":"category","embeddable":true,"href":"https:\/\/resguardodigital.cl\/index.php?rest_route=%2Fwp%2Fv2%2Fcategories&post=2330"},{"taxonomy":"post_tag","embeddable":true,"href":"https:\/\/resguardodigital.cl\/index.php?rest_route=%2Fwp%2Fv2%2Ftags&post=2330"}],"curies":[{"name":"wp","href":"https:\/\/api.w.org\/{rel}","templated":true}]}}