{"id":2247,"date":"2026-07-21T20:14:15","date_gmt":"2026-07-21T20:14:15","guid":{"rendered":"https:\/\/resguardodigital.cl\/?p=2247"},"modified":"2026-07-21T20:14:16","modified_gmt":"2026-07-21T20:14:16","slug":"un-hacker-asegura-haber-pirateado-el-sistema-de-la-direccion-general-de-la-policia","status":"publish","type":"post","link":"https:\/\/resguardodigital.cl\/?p=2247","title":{"rendered":"Un hacker asegura haber pirateado el sistema de la Direcci\u00f3n General de la Polic\u00eda"},"content":{"rendered":"\n<p class=\"wp-block-paragraph\">La<strong>\u00a0Direcci\u00f3n General de la Polic\u00eda (DGP)<\/strong>\u00a0podr\u00eda haber sido v\u00edctima de un serio ciberataque. Un pirata inform\u00e1tico ha publicado en un foro de la dark web un mensaje en el que\u00a0<strong>asegura haber accedido a su sistema y haberse hecho con 13 GB de datos, que contendr\u00edan 19 millones de registros.\u00a0<\/strong><br><a href=\"https:\/\/www.google.com\/preferences\/source?q=escudodigital.com\" target=\"_blank\" rel=\"noreferrer noopener\"><\/a><\/p>\n\n\n\n<p class=\"wp-block-paragraph\">Justo esta semana la Polic\u00eda Nacional celebra en la Escuela Nacional de Polic\u00eda (\u00c1vila) el evento de ciberseguridad&nbsp;<a href=\"https:\/\/www.escudodigital.com\/ciberseguridad\/c1b3rwall-se-arma-contra-la-crisis-de-ciberseguridad-que-amenaza-la-supervivencia-de-las-empresas-espanolas.html\">C1b3rwall<\/a>, que re\u00fane a casi 300 ponentes para abordar el cibercrimen desde distintas charlas y talleres.&nbsp;<\/p>\n\n\n\n<p class=\"wp-block-paragraph\">Desde&nbsp;<em>Escudo Digital<\/em>&nbsp;nos hemos puesto en contacto con el departamento de prensa de Polic\u00eda para conocer detalles del supuesto incidente. Actualizaremos la informaci\u00f3n si recibimos respuesta por su parte.&nbsp;<\/p>\n\n\n\n<h2 class=\"wp-block-heading\">Un grupo enfocado en v\u00edctimas hispanohablantes<\/h2>\n\n\n\n<p class=\"wp-block-paragraph\">El atacante, que se hace llamar&nbsp;<strong>Skull1172&nbsp;<\/strong>o&nbsp;<strong>EsqueleSquad<\/strong>, est\u00e1 vinculado a otros ataques anteriores en pa\u00edses de habla hispana.<\/p>\n\n\n\n<p class=\"wp-block-paragraph\">As\u00ed, el grupo logr\u00f3 piratear la web del&nbsp;<strong>OEAR (Observatorio Electoral Argentino)<\/strong>, plataforma lanzada en 2015 por CIPPEC (Centro de Implementaci\u00f3n de Pol\u00edticas P\u00fablicas para la Equidad y el Crecimiento), uno de los think tanks y organizaciones independientes m\u00e1s importantes de Argentina.&nbsp;<\/p>\n\n\n\n<p class=\"wp-block-paragraph\">La banda asegura haber comprometido el FTP, el panel, la base de datos, el VPS y el dominio, el cual sigue con la imagen del hackeo actualmente.&nbsp;<\/p>\n\n\n\n<p class=\"wp-block-paragraph\">El grupo tambi\u00e9n usa su p\u00e1gina web oficial para exponer los datos de distintas personalidades (&#8216;doxxing&#8217;). En ella incluye&nbsp;<strong>un listado de v\u00edctimas, acompa\u00f1ados de sus redes sociales e informaci\u00f3n personal,<\/strong>&nbsp;en muchos casos incorporando tambi\u00e9n los de sus familiares.&nbsp;<\/p>\n","protected":false},"excerpt":{"rendered":"<p>La\u00a0Direcci\u00f3n General de la Polic\u00eda (DGP)\u00a0podr\u00eda haber sido v\u00edctima de un serio ciberataque. Un pirata inform\u00e1tico ha publicado<\/p>\n","protected":false},"author":1,"featured_media":2248,"comment_status":"open","ping_status":"closed","sticky":false,"template":"","format":"standard","meta":{"footnotes":""},"categories":[1],"tags":[],"class_list":["post-2247","post","type-post","status-publish","format-standard","has-post-thumbnail","hentry","category-uncategorized"],"_links":{"self":[{"href":"https:\/\/resguardodigital.cl\/index.php?rest_route=\/wp\/v2\/posts\/2247","targetHints":{"allow":["GET"]}}],"collection":[{"href":"https:\/\/resguardodigital.cl\/index.php?rest_route=\/wp\/v2\/posts"}],"about":[{"href":"https:\/\/resguardodigital.cl\/index.php?rest_route=\/wp\/v2\/types\/post"}],"author":[{"embeddable":true,"href":"https:\/\/resguardodigital.cl\/index.php?rest_route=\/wp\/v2\/users\/1"}],"replies":[{"embeddable":true,"href":"https:\/\/resguardodigital.cl\/index.php?rest_route=%2Fwp%2Fv2%2Fcomments&post=2247"}],"version-history":[{"count":1,"href":"https:\/\/resguardodigital.cl\/index.php?rest_route=\/wp\/v2\/posts\/2247\/revisions"}],"predecessor-version":[{"id":2249,"href":"https:\/\/resguardodigital.cl\/index.php?rest_route=\/wp\/v2\/posts\/2247\/revisions\/2249"}],"wp:featuredmedia":[{"embeddable":true,"href":"https:\/\/resguardodigital.cl\/index.php?rest_route=\/wp\/v2\/media\/2248"}],"wp:attachment":[{"href":"https:\/\/resguardodigital.cl\/index.php?rest_route=%2Fwp%2Fv2%2Fmedia&parent=2247"}],"wp:term":[{"taxonomy":"category","embeddable":true,"href":"https:\/\/resguardodigital.cl\/index.php?rest_route=%2Fwp%2Fv2%2Fcategories&post=2247"},{"taxonomy":"post_tag","embeddable":true,"href":"https:\/\/resguardodigital.cl\/index.php?rest_route=%2Fwp%2Fv2%2Ftags&post=2247"}],"curies":[{"name":"wp","href":"https:\/\/api.w.org\/{rel}","templated":true}]}}