{"id":2193,"date":"2026-07-13T17:44:23","date_gmt":"2026-07-13T17:44:23","guid":{"rendered":"https:\/\/resguardodigital.cl\/?p=2193"},"modified":"2026-07-13T17:44:23","modified_gmt":"2026-07-13T17:44:23","slug":"la-ia-no-se-ve-igual-en-todos-los-paises-el-reto-de-la-onu-para-construir-una-discusion-realmente-global","status":"publish","type":"post","link":"https:\/\/resguardodigital.cl\/?p=2193","title":{"rendered":"\u201cLa IA no se ve igual en todos los pa\u00edses\u201d: el reto de la ONU para construir una discusi\u00f3n realmente global"},"content":{"rendered":"<div>\n<p>La discusi\u00f3n sobre inteligencia artificial (IA) no puede quedar \u00fanicamente en manos de las empresas, las principales potencias tecnol\u00f3gicas o unos cuantos especialistas. Carlos Artemio Coello Coello, miembro del Centro de Investigaci\u00f3n y de Estudios Avanzados del IPN y uno de los tres integrantes latinoamericanos del Panel Cient\u00edfico Internacional Independiente sobre Inteligencia Artificial de la ONU, sostiene que se necesitan m\u00e1s pa\u00edses, regiones y disciplinas para entender c\u00f3mo esta tecnolog\u00eda afecta las distintas realidades.<\/p>\n<p>La IA ya interviene en \u00e1mbitos como la educaci\u00f3n, la salud mental, los derechos humanos, el medioambiente y la econom\u00eda. Por eso, dice Coello, ning\u00fan grupo puede abarcar por s\u00ed solo el an\u00e1lisis de todos sus impactos.<\/p>\n<p>\u201cLa IA no se ve igual en todos los pa\u00edses. En algunos se ve como algo muy accesorio, mientras que en otros ciertas herramientas ya se usan de manera rutinaria y cotidiana\u201d, explica Coello en entrevista con WIRED en Espa\u00f1ol.<\/p>\n<p>Su llamado ocurre en una semana en la que Ginebra concentr\u00f3 varias discusiones internacionales sobre el tema. La ONU celebr\u00f3 el primer Di\u00e1logo Global sobre Gobernanza de la IA, present\u00f3 formalmente la Comisi\u00f3n Global de IA para el Bien y public\u00f3 el <a href=\"https:\/\/www.un.org\/independent-international-scientific-panel-ai\/sites\/default\/files\/2026-07\/es_Preliminary%20Report.pdf\">informe preliminar<\/a> del panel cient\u00edfico del que forma parte Coello.<\/p>\n<figure class=\"AssetEmbedWrapper-iJvQnD cOWUYC asset-embed\">\n<div class=\"AssetEmbedAssetContainer-fnduJP iaVSwI asset-embed__asset-container\"><span class=\"SpanWrapper-kFnjvc eKnjjD responsive-asset AssetEmbedResponsiveAsset-gaAbQ hXaxHA asset-embed__responsive-asset\"><picture class=\"ResponsiveImagePicture-jKunQM gjCCFj AssetEmbedResponsiveAsset-gaAbQ hXaxHA asset-embed__responsive-asset responsive-image\"><\/picture><\/span><\/div>\n<div class=\"CaptionWrapper-bpPcvW kzGGxb caption AssetEmbedCaption-eZIMNW gMgneI asset-embed__caption\" data-testid=\"caption-wrapper\"><span class=\"BaseText-fEwdHD CaptionText-cQpRdU gZqZYz hbiMYj caption__text\"><\/p>\n<p>Participantes asisten a la jornada inaugural del primer Di\u00e1logo Mundial sobre Gobernanza de la IA, celebrado en Ginebra el 6 de julio de 2026. El Secretario General de la ONU Ant\u00f3nio Guterres abog\u00f3 por un sistema de gobernanza global que oriente la inteligencia artificial hacia el bien de la humanidad.<\/p>\n<p><\/span><span class=\"BaseText-fEwdHD CaptionCredit-cUgOGk fSrqtv hRFzlA caption__credit\">FABRICE COFFRINI\/Getty Images<\/span><\/div>\n<\/figure>\n<p>Aunque estos espacios buscan responder al r\u00e1pido avance de la tecnolog\u00eda, tienen funciones y composiciones distintas. La Comisi\u00f3n Global de IA para el Bien re\u00fane a l\u00edderes empresariales, mandatarios y organismos internacionales para analizar los principales retos t\u00e9cnicos, sociales, econ\u00f3micos y pol\u00edticos de la IA, e identificar v\u00edas pr\u00e1cticas para fortalecer la confianza, impulsar una innovaci\u00f3n responsable y ampliar sus beneficios. De sus 44 miembros fundadores, 27 representan a empresas o fondos de inversi\u00f3n.<\/p>\n<p>El panel cient\u00edfico, en cambio, fue creado en agosto de 2025 por la Asamblea General de la ONU con un mandato cient\u00edfico y apol\u00edtico. Sus integrantes participan a t\u00edtulo personal y no representan a gobiernos, empresas ni a las instituciones donde trabajan. Su funci\u00f3n es evaluar la evidencia disponible sobre las capacidades, oportunidades, riesgos e impactos de la IA.<\/p>\n<p>\u201cNuestra funci\u00f3n no es aconsejar. Estamos informando y alertando de posibles riesgos\u00bb, dice Coello. \u201cDesde el principio, el acuerdo fue que no \u00edbamos a emitir ning\u00fan tipo de recomendaci\u00f3n, porque hacerlo ya conlleva un sesgo\u201d.<\/p>\n<h2>Una discusi\u00f3n global que necesita m\u00e1s pa\u00edses y especialistas<\/h2>\n<p>El panel re\u00fane a 40 especialistas de los cinco grupos regionales de la ONU y de distintas \u00e1reas. Sus miembros fueron nombrados por tres a\u00f1os y deber\u00e1n elaborar una evaluaci\u00f3n cient\u00edfica anual para presentarla ante el Di\u00e1logo Global sobre Gobernanza de la IA.<\/p>\n<p>Coello, doctor en Ciencias de la Computaci\u00f3n por la Universidad de Tulane y especialista en computaci\u00f3n evolutiva, se\u00f1ala que en grupo hay perfiles de \u00e1reas como aprendizaje profundo, c\u00f3mputo cu\u00e1ntico, filosof\u00eda, derecho, educaci\u00f3n, lenguaje y ciencias sociales.<\/p>\n<\/div>\n","protected":false},"excerpt":{"rendered":"<p>La discusi\u00f3n sobre inteligencia artificial (IA) no puede quedar \u00fanicamente en manos de las empresas, las principales potencias<\/p>\n","protected":false},"author":1,"featured_media":2194,"comment_status":"open","ping_status":"closed","sticky":false,"template":"","format":"standard","meta":{"footnotes":""},"categories":[2,9],"tags":[1339,1340,218,1338,36,1253,913,49,1341,1052,937,156],"class_list":["post-2193","post","type-post","status-publish","format-standard","has-post-thumbnail","hentry","category-security","category-world","tag-construir","tag-discusion","tag-global","tag-igual","tag-los","tag-onu","tag-paises","tag-para","tag-realmente","tag-reto","tag-todos","tag-una"],"_links":{"self":[{"href":"https:\/\/resguardodigital.cl\/index.php?rest_route=\/wp\/v2\/posts\/2193","targetHints":{"allow":["GET"]}}],"collection":[{"href":"https:\/\/resguardodigital.cl\/index.php?rest_route=\/wp\/v2\/posts"}],"about":[{"href":"https:\/\/resguardodigital.cl\/index.php?rest_route=\/wp\/v2\/types\/post"}],"author":[{"embeddable":true,"href":"https:\/\/resguardodigital.cl\/index.php?rest_route=\/wp\/v2\/users\/1"}],"replies":[{"embeddable":true,"href":"https:\/\/resguardodigital.cl\/index.php?rest_route=%2Fwp%2Fv2%2Fcomments&post=2193"}],"version-history":[{"count":0,"href":"https:\/\/resguardodigital.cl\/index.php?rest_route=\/wp\/v2\/posts\/2193\/revisions"}],"wp:featuredmedia":[{"embeddable":true,"href":"https:\/\/resguardodigital.cl\/index.php?rest_route=\/wp\/v2\/media\/2194"}],"wp:attachment":[{"href":"https:\/\/resguardodigital.cl\/index.php?rest_route=%2Fwp%2Fv2%2Fmedia&parent=2193"}],"wp:term":[{"taxonomy":"category","embeddable":true,"href":"https:\/\/resguardodigital.cl\/index.php?rest_route=%2Fwp%2Fv2%2Fcategories&post=2193"},{"taxonomy":"post_tag","embeddable":true,"href":"https:\/\/resguardodigital.cl\/index.php?rest_route=%2Fwp%2Fv2%2Ftags&post=2193"}],"curies":[{"name":"wp","href":"https:\/\/api.w.org\/{rel}","templated":true}]}}