{"id":2180,"date":"2026-07-09T17:59:40","date_gmt":"2026-07-09T17:59:40","guid":{"rendered":"https:\/\/resguardodigital.cl\/?p=2180"},"modified":"2026-07-09T17:59:40","modified_gmt":"2026-07-09T17:59:40","slug":"venezuela-tras-los-sismos-ninas-y-ninos-viven-entre-carpas-miedo-y-riesgo-de-enfermedades","status":"publish","type":"post","link":"https:\/\/resguardodigital.cl\/?p=2180","title":{"rendered":"Venezuela tras los sismos: ni\u00f1as y ni\u00f1os viven entre carpas, miedo y riesgo de enfermedades"},"content":{"rendered":"<div>\n<p>En La Guaira y Caracas, miles de familias llevan casi dos semanas viviendo en carpas. Algunas son demasiado peque\u00f1as para quienes las ocupan; otras no est\u00e1n impermeabilizadas, por lo que no protegen de la lluvia. Cuando los colchones y la ropa se mojan, no siempre hay forma de secarlos. Cuando sale el sol, el calor hace dif\u00edcil permanecer dentro.<\/p>\n<p>Los efectos de los sismos de 7.2 y 7.5, ocurridos el pasado 24 de junio en Venezuela, siguen presentes en la vida diaria de las familias: en el miedo a dormir, en la p\u00e9rdida de rutinas y en el riesgo de enfermar debido a las condiciones clim\u00e1ticas y sanitarias.<\/p>\n<p>\u201cTenemos muchas familias que nos cuentan que lo han perdido todo, que han perdido familiares, que han perdido casas y viven con mucha incertidumbre sobre qu\u00e9 va a ser de ellos, sobre si van a poder volver a sus edificios o c\u00f3mo van a afrontar los pr\u00f3ximos meses\u201d, dice Arantxa Oses, subdirectora interina de <a data-offer-url=\"https:\/\/www.savethechildren.net\/news\/venezuela-earthquakes-cataclysmic-event-children-spend-second-night-sheltering-open-spaces\" class=\"external-link\" data-event-click=\"{&quot;element&quot;:&quot;ExternalLink&quot;,&quot;outgoingURL&quot;:&quot;https:\/\/www.savethechildren.net\/news\/venezuela-earthquakes-cataclysmic-event-children-spend-second-night-sheltering-open-spaces&quot;}\" href=\"https:\/\/www.savethechildren.net\/news\/venezuela-earthquakes-cataclysmic-event-children-spend-second-night-sheltering-open-spaces\" rel=\"nofollow noopener\" target=\"_blank\">Save the Children<\/a> en Venezuela, en entrevista con WIRED en Espa\u00f1ol.<\/p>\n<p>De acuerdo con <a data-offer-url=\"https:\/\/www.unicef.org\/press-releases\/unicef-680000-children-estimated-be-need-humanitarian-assistance-after-venezuela\" class=\"external-link\" data-event-click=\"{&quot;element&quot;:&quot;ExternalLink&quot;,&quot;outgoingURL&quot;:&quot;https:\/\/www.unicef.org\/press-releases\/unicef-680000-children-estimated-be-need-humanitarian-assistance-after-venezuela&quot;}\" href=\"https:\/\/www.unicef.org\/press-releases\/unicef-680000-children-estimated-be-need-humanitarian-assistance-after-venezuela\" rel=\"nofollow noopener\" target=\"_blank\">UNICEF<\/a>, m\u00e1s de 680,000 ni\u00f1as, ni\u00f1os y adolescentes en Venezuela se encuentran en situaci\u00f3n de vulnerabilidad. Para Save the Children, los riesgos son mayores durante la infancia, sobre todo cuando faltan agua, higiene, atenci\u00f3n m\u00e9dica y condiciones seguras.<\/p>\n<figure class=\"AssetEmbedWrapper-iJvQnD cOWUYC asset-embed\">\n<div class=\"AssetEmbedAssetContainer-fnduJP iaVSwI asset-embed__asset-container\"><span class=\"SpanWrapper-kFnjvc eKnjjD responsive-asset AssetEmbedResponsiveAsset-gaAbQ hXaxHA asset-embed__responsive-asset\"><picture class=\"ResponsiveImagePicture-jKunQM gjCCFj AssetEmbedResponsiveAsset-gaAbQ hXaxHA asset-embed__responsive-asset responsive-image\"><\/picture><\/span><\/div>\n<div class=\"CaptionWrapper-bpPcvW kzGGxb caption AssetEmbedCaption-eZIMNW gMgneI asset-embed__caption\" data-testid=\"caption-wrapper\"><span class=\"BaseText-fEwdHD CaptionText-cQpRdU gZqZYz hbiMYj caption__text\"><\/p>\n<p>Ni\u00f1os juegan futbol cerca de tiendas de campa\u00f1a en el estadio de b\u00e9isbol C\u00e9sar Nieves, en el barrio La Angustia de Catia La Mar, estado La Guaira, Venezuela, 3 de julio de 2026, donde se han refugiado personas desplazadas.<\/p>\n<p><\/span><span class=\"BaseText-fEwdHD CaptionCredit-cUgOGk fSrqtv hRFzlA caption__credit\">Miguel MEDINA \/ AFP via Getty Images<\/span><\/div>\n<\/figure>\n<p>Seg\u00fan cifras oficiales compartidas hasta el momento de publicar esta nota, <a href=\"https:\/\/apnews.com\/article\/d5dd325c3126a574d3893268b48b0c22\" target=\"_blank\">al menos 3,685 personas fallecieron<\/a> por los terremotos, casi 190 edificios colapsaron y otros 856 quedaron da\u00f1ados. Adem\u00e1s, m\u00e1s de 16,000 personas se quedaron sin hogar, por lo que han tenido que permanecer en asentamientos improvisados.<\/p>\n<h2>Refugios precarios y riesgo de enfermedades<\/h2>\n<p>Las condiciones en algunos refugios han empezado a incrementar los riesgos para la salud. \u201cMiles de personas llevan ya casi 12 d\u00edas viviendo en tiendas de campa\u00f1a, en carpas, sin acceso regular a agua potable ni a instalaciones de saneamiento, y esto aumenta el riesgo de infecciones cut\u00e1neas, de diarreas o de enfermedades gastrointestinales\u201d, se\u00f1ala Oses.<\/p>\n<p>La falta de ba\u00f1os, agua limpia y espacios para lavarse las manos tambi\u00e9n ha encendido las alertas. En un contexto de hacinamiento, las malas condiciones sanitarias pueden acelerar la propagaci\u00f3n de enfermedades. Para ni\u00f1as y adolescentes, adem\u00e1s, la emergencia implica enfrentar la menstruaci\u00f3n sin privacidad suficiente ni condiciones m\u00ednimas de higiene.<\/p>\n<p>La falta de privacidad en los refugios tambi\u00e9n aumenta ellas. <a data-offer-url=\"https:\/\/www.france24.com\/es\/am%C3%A9rica-latina\/20260701-infancia-en-emergencia-alertan-que-doble-sismo-en-venezuela-deja-ni%C3%B1os-en-riesgo-de-enfermedades-y-violencia-sexual\" class=\"external-link\" data-event-click=\"{&quot;element&quot;:&quot;ExternalLink&quot;,&quot;outgoingURL&quot;:&quot;https:\/\/www.france24.com\/es\/am%C3%A9rica-latina\/20260701-infancia-en-emergencia-alertan-que-doble-sismo-en-venezuela-deja-ni%C3%B1os-en-riesgo-de-enfermedades-y-violencia-sexual&quot;}\" href=\"https:\/\/www.france24.com\/es\/am%C3%A9rica-latina\/20260701-infancia-en-emergencia-alertan-que-doble-sismo-en-venezuela-deja-ni%C3%B1os-en-riesgo-de-enfermedades-y-violencia-sexual\" rel=\"nofollow noopener\" target=\"_blank\">La ONG Plan International<\/a> advierte que, en algunos albergues, las familias comparten \u00e1reas comunes sin una separaci\u00f3n adecuada y, en muchos casos, no hay ba\u00f1os diferenciados por sexo.<\/p>\n<\/div>\n","protected":false},"excerpt":{"rendered":"<p>En La Guaira y Caracas, miles de familias llevan casi dos semanas viviendo en carpas. Algunas son demasiado<\/p>\n","protected":false},"author":1,"featured_media":2181,"comment_status":"open","ping_status":"closed","sticky":false,"template":"","format":"standard","meta":{"footnotes":""},"categories":[2,9],"tags":[1312,1314,507,36,1313,1310,402,323,1309,445,1280,1311],"class_list":["post-2180","post","type-post","status-publish","format-standard","has-post-thumbnail","hentry","category-security","category-world","tag-carpas","tag-enfermedades","tag-entre","tag-los","tag-miedo","tag-ninas","tag-ninos","tag-riesgo","tag-sismos","tag-tras","tag-venezuela","tag-viven"],"_links":{"self":[{"href":"https:\/\/resguardodigital.cl\/index.php?rest_route=\/wp\/v2\/posts\/2180","targetHints":{"allow":["GET"]}}],"collection":[{"href":"https:\/\/resguardodigital.cl\/index.php?rest_route=\/wp\/v2\/posts"}],"about":[{"href":"https:\/\/resguardodigital.cl\/index.php?rest_route=\/wp\/v2\/types\/post"}],"author":[{"embeddable":true,"href":"https:\/\/resguardodigital.cl\/index.php?rest_route=\/wp\/v2\/users\/1"}],"replies":[{"embeddable":true,"href":"https:\/\/resguardodigital.cl\/index.php?rest_route=%2Fwp%2Fv2%2Fcomments&post=2180"}],"version-history":[{"count":0,"href":"https:\/\/resguardodigital.cl\/index.php?rest_route=\/wp\/v2\/posts\/2180\/revisions"}],"wp:featuredmedia":[{"embeddable":true,"href":"https:\/\/resguardodigital.cl\/index.php?rest_route=\/wp\/v2\/media\/2181"}],"wp:attachment":[{"href":"https:\/\/resguardodigital.cl\/index.php?rest_route=%2Fwp%2Fv2%2Fmedia&parent=2180"}],"wp:term":[{"taxonomy":"category","embeddable":true,"href":"https:\/\/resguardodigital.cl\/index.php?rest_route=%2Fwp%2Fv2%2Fcategories&post=2180"},{"taxonomy":"post_tag","embeddable":true,"href":"https:\/\/resguardodigital.cl\/index.php?rest_route=%2Fwp%2Fv2%2Ftags&post=2180"}],"curies":[{"name":"wp","href":"https:\/\/api.w.org\/{rel}","templated":true}]}}