{"id":1766,"date":"2026-03-30T21:02:10","date_gmt":"2026-03-30T21:02:10","guid":{"rendered":"https:\/\/resguardodigital.cl\/?p=1766"},"modified":"2026-03-30T21:02:10","modified_gmt":"2026-03-30T21:02:10","slug":"mexico-recurrira-a-la-cidh-ante-el-numero-creciente-de-mexicanos-muertos-bajo-custodia-del-ice","status":"publish","type":"post","link":"https:\/\/resguardodigital.cl\/?p=1766","title":{"rendered":"M\u00e9xico recurrir\u00e1 a la CIDH ante el n\u00famero creciente de mexicanos muertos bajo custodia del ICE"},"content":{"rendered":"<div>\n<p>El Servicio de Inmigraci\u00f3n y Control de Aduanas de Estados Unidos (ICE, por sus siglas en ingl\u00e9s) confirm\u00f3 la muerte de Jos\u00e9 Guadalupe Ramos, un mexicano que permanec\u00eda detenido en el Centro de Procesamiento de Adelanto, California. El deceso eleva a 14 el n\u00famero de connacionales que han perdido la vida bajo custodia o durante operativos realizados por autoridades migratorias estadounidenses. Tras la confirmaci\u00f3n, Claudia Sheinbaum, presidenta de M\u00e9xico, anunci\u00f3 que su administraci\u00f3n endurecer\u00e1 su postura para frenar esta preocupante tendencia.<\/p>\n<p>El informe detalla que Ramos ingres\u00f3 al centro de detenci\u00f3n de Adelanto el 23 de febrero, luego de ser arrestado durante una operaci\u00f3n del ICE en la localidad californiana de Torrance. El fallecido contaba con antecedentes penales por posesi\u00f3n de sustancias controladas y robo de propiedad personal.<\/p>\n<hr\/>\n<div class=\"ContentCardEmbedWrapper-hkvhYu kMYDit content-card-embed content-card-embed--stacked\" data-testid=\"ContentCardEmbedWrapper\">\n<div class=\"ContentCardEmbedImage-bqahne fjmzkP content-card-embed__image\" data-testid=\"ContentCardEmbedImage\"><span class=\"SpanWrapper-kFnjvc eKnjjD responsive-asset\"><picture class=\"ResponsiveImagePicture-jKunQM gjCCFj responsive-image\"><\/picture><\/span><\/div>\n<div class=\"ContentCardEmbedInfo-buyHWH gWLOee\">\n<div class=\"BaseText-fEwdHD ContentCardEmbedHed-kDKGDs fUtEc dlHXUJ content-card-embed__hed\" data-testid=\"ContentCardEmbedHed\">\u201cSu cabeza est\u00e1 sangrando\u201d: Las llamadas desde los centros de detenci\u00f3n del ICE al 911 son espeluznantes<\/div>\n<p>Los registros de cientos de llamadas de emergencia desde los centros de detenci\u00f3n del ICE obtenidos por WIRED (incluidas grabaciones de audio) muestran un sistema inundado de hacinamientos, retrasos en el tratamiento y por incidentes que ponen en peligro la vida.<\/p>\n<\/div>\n<\/div>\n<hr\/>\n<p>Durante la noche del 25 de marzo, el mexicano fue encontrado por personal de seguridad \u201cinconsciente y sin respuesta\u201d dentro de su celda. El <a href=\"https:\/\/www.ice.gov\/news\/releases\/criminal-illegal-alien-passes-away-ice-custody\">comunicado del ICE<\/a> se\u00f1ala que el equipo del centro inici\u00f3 de inmediato maniobras de reanimaci\u00f3n antes de trasladarlo al Centro M\u00e9dico Global Victor Valley, en Victorville, California, donde posteriormente fue declarado muerto.<\/p>\n<p>Las autoridades migratorias indicaron que, al momento de su ingreso al centro de detenci\u00f3n, Ramos fue sometido a una evaluaci\u00f3n m\u00e9dica integral. En ese proceso se detectaron diversos padecimientos, entre ellos diabetes, hipertensi\u00f3n y colesterol elevado. De acuerdo con el ICE, el connacional \u201crecibi\u00f3 atenci\u00f3n m\u00e9dica constante mientras estuvo bajo custodia, incluyendo medicaci\u00f3n diaria para tratar su enfermedad\u201d.<\/p>\n<p>Por su parte, la Secretar\u00eda de Relaciones Exteriores (SRE) <a data-offer-url=\"https:\/\/www.gob.mx\/sre\/prensa\/sre-exige-investigacion-al-centro-de-procesamiento-de-adelanto-california-tras-lamentable-fallecimiento-de-mexicano-bajo-custodia-de-ice?idiom=es\" class=\"external-link\" data-event-click=\"{&quot;element&quot;:&quot;ExternalLink&quot;,&quot;outgoingURL&quot;:&quot;https:\/\/www.gob.mx\/sre\/prensa\/sre-exige-investigacion-al-centro-de-procesamiento-de-adelanto-california-tras-lamentable-fallecimiento-de-mexicano-bajo-custodia-de-ice?idiom=es&quot;}\" href=\"https:\/\/www.gob.mx\/sre\/prensa\/sre-exige-investigacion-al-centro-de-procesamiento-de-adelanto-california-tras-lamentable-fallecimiento-de-mexicano-bajo-custodia-de-ice?idiom=es\" rel=\"nofollow noopener\" target=\"_blank\">emiti\u00f3<\/a> una postura tras el fallecimiento, en la que reiter\u00f3 un llamado a las autoridades estadounidenses \u201cpara que estos lamentables casos no contin\u00faen\u201d. Asimismo, <strong>exigi\u00f3 una revisi\u00f3n inmediata del centro de Adelanto \u201cpor las graves omisiones y evidentes deficiencias en la prestaci\u00f3n de atenci\u00f3n m\u00e9dica a las personas bajo su custodia\u201d.<\/strong> La Canciller\u00eda asegur\u00f3 que el gobierno mexicano \u201cagotar\u00e1 todas las instancias legales y diplom\u00e1ticas para visibilizar la problem\u00e1tica\u201d, en cumplimiento de su compromiso de proteger los derechos de los mexicanos en el exterior.<\/p>\n<h2>M\u00e9xico exige transparencia en las muertes de connacionales en EE UU<\/h2>\n<p>Tras confirmarse el deceso, Sheinbaum anunci\u00f3 en su conferencia matutina de este lunes que su gobierno adoptar\u00e1 medidas de reclamo m\u00e1s contundentes, las cuales ser\u00e1n detalladas por la SRE despu\u00e9s de un encuentro que se llevar\u00e1 a cabo este lunes en Los \u00c1ngeles, California. La mandataria adelant\u00f3 que entre las acciones previstas destaca la <strong>presentaci\u00f3n de una queja ante la Comisi\u00f3n Interamericana de Derechos Humanos (CIDH), con el objetivo de solicitar su intervenci\u00f3n en esta situaci\u00f3n.<\/strong><\/p>\n<p>La presidenta a\u00f1adi\u00f3 que el plan de acci\u00f3n tambi\u00e9n contempla reuniones con las familias de las v\u00edctimas, el env\u00edo de cartas a legisladores federales de Estados Unidos para exponer la \u201cdeficiente atenci\u00f3n m\u00e9dica\u201d en el centro de Adelanto, as\u00ed como un encuentro entre Roberto Velasco \u00c1lvarez, subsecretario para Am\u00e9rica del Norte de la SRE, y Ronald D. Johnson, embajador de Estados Unidos en M\u00e9xico, para abordar la problem\u00e1tica.<\/p>\n<p>\u201cSon varias acciones de protesta que vamos a emprender ante una muerte m\u00e1s de un connacional en Estados Unidos\u201d, afirm\u00f3, al tiempo que precis\u00f3 que se pondr\u00e1 especial atenci\u00f3n en el centro de Adelanto, debido a que en ese lugar se han registrado diversos casos de fallecimientos de mexicanos bajo custodia del ICE.<\/p>\n<p>Las medidas se anuncian a menos de una semana de que la SRE informara que, entre 2025 y el 24 de marzo de este a\u00f1o, 13 personas de origen mexicano hab\u00edan perdido la vida en operativos migratorios o bajo custodia del ICE.<\/p>\n<p>El reporte a\u00f1ade que las personas fallecidas ten\u00edan entre 19 y 69 a\u00f1os. El funcionario detall\u00f3 que las causas de muerte a\u00fan se encuentran bajo investigaci\u00f3n; sin embargo, informes preliminares apuntan a seis casos por complicaciones m\u00e9dicas, cuatro suicidios, dos decesos durante operativos migratorios y uno derivado de un tiroteo en un centro de detenci\u00f3n del ICE.<\/p>\n<p>El gobierno mexicano ha expresado su preocupaci\u00f3n y ha exigido indagatorias sobre estos hechos mediante el env\u00edo de 14 notas diplom\u00e1ticas, de las cuales 12 ya han sido respondidas por la Oficina de Responsabilidad Profesional del ICE. Velasco agreg\u00f3 que, hasta ahora, <strong>se han interpuesto dos demandas legales por parte de familiares de las v\u00edctimas,<\/strong> mientras que otros diez casos se encuentran en proceso de integraci\u00f3n de expedientes o en an\u00e1lisis jur\u00eddico. \u201cBuscamos que haya justicia para las familias de estas personas que, muy tristemente, perdieron la vida\u201d, asegur\u00f3.<\/p>\n<\/div>\n","protected":false},"excerpt":{"rendered":"<p>El Servicio de Inmigraci\u00f3n y Control de Aduanas de Estados Unidos (ICE, por sus siglas en ingl\u00e9s) confirm\u00f3<\/p>\n","protected":false},"author":1,"featured_media":1767,"comment_status":"open","ping_status":"open","sticky":false,"template":"","format":"standard","meta":{"footnotes":""},"categories":[2,9],"tags":[466,315,465,468,316,145,317,375,82,469,467,464],"class_list":["post-1766","post","type-post","status-publish","format-standard","has-post-thumbnail","hentry","category-security","category-world","tag-ante","tag-bajo","tag-cidh","tag-creciente","tag-custodia","tag-del","tag-ice","tag-mexicanos","tag-mexico","tag-muertos","tag-numero","tag-recurrira"],"_links":{"self":[{"href":"https:\/\/resguardodigital.cl\/index.php?rest_route=\/wp\/v2\/posts\/1766","targetHints":{"allow":["GET"]}}],"collection":[{"href":"https:\/\/resguardodigital.cl\/index.php?rest_route=\/wp\/v2\/posts"}],"about":[{"href":"https:\/\/resguardodigital.cl\/index.php?rest_route=\/wp\/v2\/types\/post"}],"author":[{"embeddable":true,"href":"https:\/\/resguardodigital.cl\/index.php?rest_route=\/wp\/v2\/users\/1"}],"replies":[{"embeddable":true,"href":"https:\/\/resguardodigital.cl\/index.php?rest_route=%2Fwp%2Fv2%2Fcomments&post=1766"}],"version-history":[{"count":0,"href":"https:\/\/resguardodigital.cl\/index.php?rest_route=\/wp\/v2\/posts\/1766\/revisions"}],"wp:featuredmedia":[{"embeddable":true,"href":"https:\/\/resguardodigital.cl\/index.php?rest_route=\/wp\/v2\/media\/1767"}],"wp:attachment":[{"href":"https:\/\/resguardodigital.cl\/index.php?rest_route=%2Fwp%2Fv2%2Fmedia&parent=1766"}],"wp:term":[{"taxonomy":"category","embeddable":true,"href":"https:\/\/resguardodigital.cl\/index.php?rest_route=%2Fwp%2Fv2%2Fcategories&post=1766"},{"taxonomy":"post_tag","embeddable":true,"href":"https:\/\/resguardodigital.cl\/index.php?rest_route=%2Fwp%2Fv2%2Ftags&post=1766"}],"curies":[{"name":"wp","href":"https:\/\/api.w.org\/{rel}","templated":true}]}}