{"id":1764,"date":"2026-03-30T18:58:13","date_gmt":"2026-03-30T18:58:13","guid":{"rendered":"https:\/\/resguardodigital.cl\/?p=1764"},"modified":"2026-03-30T18:58:13","modified_gmt":"2026-03-30T18:58:13","slug":"todas-las-sedes-del-mundial-estan-amenazadas-por-crisis-de-derechos-humanos-advierte-amnistia-internacional","status":"publish","type":"post","link":"https:\/\/resguardodigital.cl\/?p=1764","title":{"rendered":"Todas las sedes del Mundial est\u00e1n amenazadas por crisis de derechos humanos, advierte Amnist\u00eda Internacional"},"content":{"rendered":"<div>\n<p>Amnist\u00eda Internacional advirti\u00f3 que los millones de aficionados que asistir\u00e1n a la Copa Mundial de la FIFA 2026 \u201ccorren peligro de encontrarse con inquietantes ataques contra los derechos humanos\u201d, especialmente en Estados Unidos, donde las pol\u00edticas migratorias generan un ambiente de incertidumbre. La organizaci\u00f3n no gubernamental a\u00f1adi\u00f3 que el torneo, que tambi\u00e9n se celebrar\u00e1 en M\u00e9xico y Canad\u00e1, podr\u00eda desarrollarse en medio de severas restricciones a la libertad de expresi\u00f3n y de reuni\u00f3n pac\u00edfica.<\/p>\n<p>Steve Cockburn, director de Justicia Econ\u00f3mica y Social de Amnist\u00eda Internacional, afirm\u00f3 que \u201cesta Copa Mundial ya no es el torneo de \u2018riesgo medio\u2019 como la FIFA lo determin\u00f3 hace tiempo. Es preciso emprender acciones urgentes para asegurar que la realidad de esta Copa Mundial coincida con su promesa original\u201d.<\/p>\n<hr\/>\n<div class=\"ContentCardEmbedWrapper-hkvhYu kMYDit content-card-embed content-card-embed--stacked\" data-testid=\"ContentCardEmbedWrapper\">\n<div class=\"ContentCardEmbedImage-bqahne fjmzkP content-card-embed__image\" data-testid=\"ContentCardEmbedImage\"><span class=\"SpanWrapper-kFnjvc eKnjjD responsive-asset\"><picture class=\"ResponsiveImagePicture-jKunQM gjCCFj responsive-image\"><\/picture><\/span><\/div>\n<div class=\"ContentCardEmbedInfo-buyHWH gWLOee\">\n<div class=\"BaseText-fEwdHD ContentCardEmbedHed-kDKGDs fUtEc dlHXUJ content-card-embed__hed\" data-testid=\"ContentCardEmbedHed\">\u201cPlan Kukulk\u00e1n\u201d: M\u00e9xico resguardar\u00e1 el Mundial 2026 con IA, sistemas antidrones y vigilancia en la dark web<\/div>\n<p>M\u00e9xico espera grantizar la seguridad en el Mundial 2026 con cerca de 100,000 efectivos, IA, sistemas antidrones y c\u00e1maras con reconocimiento facial, entre otras tecnolog\u00edas de seguridad.<\/p>\n<\/div>\n<\/div>\n<hr\/>\n<p>Las conclusiones se derivan del informe <em>\u201cLa humanidad debe triunfar: Defender los derechos y abordar la represi\u00f3n en la Copa Mundial de la FIFA 2026\u201d,<\/em> documento en el que Amnist\u00eda Internacional expone una serie de riesgos a los que podr\u00edan quedar expuestos aficionados, jugadores, prensa y comunidades locales en las tres sedes del torneo.<\/p>\n<p>El informe subraya que en Estados Unidos, <strong>donde se disputar\u00e1n tres cuartas partes de los partidos del Mundial 2026<\/strong>, existe una \u201cemergencia de derechos humanos\u201d caracterizada por pol\u00edticas migratorias restrictivas y detenciones masivas efectuadas por agencias como el Servicio de Inmigraci\u00f3n y Control de Aduanas (ICE, por sus siglas en ingl\u00e9s) y la Oficina de Aduanas y Protecci\u00f3n Fronteriza (CBP).<\/p>\n<p>\u201cLa oleada de detenciones y deportaciones ileg\u00edtimas, que ha batido r\u00e9cords, s\u00f3lo ha sido posible mediante la erosi\u00f3n de las salvaguardias del debido proceso, y ha socavado los derechos a la libertad y la seguridad de cientos de miles de personas migrantes y refugiadas. El pa\u00eds atraviesa tiempos profundamente inciertos que, sin duda, se extender\u00e1n a la afici\u00f3n que desee participar en las celebraciones de la Copa Mundial\u201d.<\/p>\n<p>Amnist\u00eda Internacional recuerda que, en junio del a\u00f1o pasado, el gobierno de Estados Unidos despleg\u00f3 alrededor de 4,000 elementos de la Guardia Nacional en Los \u00c1ngeles, California, para contener las protestas contra las redadas migratorias. El informe advierte que las fuerzas del orden de ciudades anfitrionas como Dallas, Houston y Miami han alcanzado acuerdos con el ICE para reforzar la aplicaci\u00f3n de la ley, \u201clo que incrementa el uso de perfiles raciales y los ataques contra personas migrantes, adem\u00e1s de erosionar la confianza entre las comunidades y las autoridades locales, lo que deriva en una disminuci\u00f3n de la seguridad p\u00fablica\u201d.<\/p>\n<p><strong>Solo en 2025, el gobierno estadounidense deport\u00f3 a m\u00e1s de 500,000 personas<\/strong> (230,000 detenidas dentro del pa\u00eds y 270,000 en las fronteras), seg\u00fan un an\u00e1lisis de datos oficiales realizado por <em>The New York Times.<\/em> Muchas fueron expulsadas en violaci\u00f3n del principio de no devoluci\u00f3n (<em>non-refoulement<\/em>), incluso hacia terceros pa\u00edses con los que no tienen v\u00ednculo, para enfrentar detenciones arbitrarias y prolongadas.<\/p>\n<p>La organizaci\u00f3n <a data-offer-url=\"https:\/\/www.amnesty.org\/es\/documents\/ior10\/0837\/2026\/es\/\" class=\"external-link\" data-event-click=\"{&quot;element&quot;:&quot;ExternalLink&quot;,&quot;outgoingURL&quot;:&quot;https:\/\/www.amnesty.org\/es\/documents\/ior10\/0837\/2026\/es\/&quot;}\" href=\"https:\/\/www.amnesty.org\/es\/documents\/ior10\/0837\/2026\/es\/\" rel=\"nofollow noopener\" target=\"_blank\">afirma<\/a> que agentes federales en todo Estados Unidos, con un comportamiento equiparable al de fuerzas paramilitares, han perpetrado ataques constantes contra comunidades hispanas, negras y asi\u00e1ticas. Estas acciones incluyen detenciones \u201cviolentas y arbitrarias\u201d, incluso de menores de edad, en viviendas, escuelas y centros de trabajo.<\/p>\n<p>Ante este contexto, el reporte enfatiza que <strong>\u201cel ICE y otras agencias constituyen una amenaza alarmante para quienes viven en Estados Unidos, para quienes viajan al pa\u00eds con el fin de asistir a un partido y para los propios jugadores\u201d<\/strong>. Cockburn <a data-offer-url=\"https:\/\/www.amnesty.org\/es\/latest\/news\/2026\/03\/global-fifa-and-world-cup-hosts-must-prevent-tournament-becoming-a-threat-to-fans-and-communities\/\" class=\"external-link\" data-event-click=\"{&quot;element&quot;:&quot;ExternalLink&quot;,&quot;outgoingURL&quot;:&quot;https:\/\/www.amnesty.org\/es\/latest\/news\/2026\/03\/global-fifa-and-world-cup-hosts-must-prevent-tournament-becoming-a-threat-to-fans-and-communities\/&quot;}\" href=\"https:\/\/www.amnesty.org\/es\/latest\/news\/2026\/03\/global-fifa-and-world-cup-hosts-must-prevent-tournament-becoming-a-threat-to-fans-and-communities\/\" rel=\"nofollow noopener\" target=\"_blank\">se\u00f1ala<\/a> que, pese a los crecientes reportes sobre la presunta ilegalidad de estas detenciones y deportaciones, tanto la FIFA como el gobierno estadounidense no han garantizado que la afici\u00f3n y las comunidades locales estar\u00e1n a salvo del uso de perfiles raciales y \u00e9tnicos.<\/p>\n<h2>No solo Estados Unidos; M\u00e9xico y Canad\u00e1 en la mira<\/h2>\n<p>El informe indica que en M\u00e9xico las autoridades federales tambi\u00e9n han anunciado el despliegue de alrededor de 100,000 agentes de seguridad, incluidos integrantes del Ej\u00e9rcito, en respuesta a los altos niveles de violencia. Seg\u00fan Amnist\u00eda Internacional, esta decisi\u00f3n incrementa el riesgo para quienes se manifiestan, incluido un movimiento de madres buscadoras que han planeado protestas pac\u00edficas en las inmediaciones del Estadio Banorte (antes Estadio Azteca), en la Ciudad de M\u00e9xico, para exigir transparencia, justicia y reparaci\u00f3n por las 133,500 desapariciones registradas en el pa\u00eds. Se prev\u00e9 que a esta iniciativa se sumen otras movilizaciones durante el torneo, vinculadas con el acceso a la tierra, el agua, la vivienda y cr\u00edticas a la gentrificaci\u00f3n.<\/p>\n<p>En Canad\u00e1 se anticipan protestas similares, luego de que el impacto de los Juegos Ol\u00edmpicos de Invierno de 2010 en Vancouver, junto con una creciente crisis de vivienda, despertara <strong>preocupaciones sobre el desplazamiento de personas sin hogar.<\/strong> A mediados de este mes, seg\u00fan el reporte, autoridades de Toronto cerraron un albergue que brindaba refugio a esta poblaci\u00f3n debido a que el espacio fue reservado para uso de la FIFA como parte del acuerdo de sede con la ciudad.<\/p>\n<\/div>\n","protected":false},"excerpt":{"rendered":"<p>Amnist\u00eda Internacional advirti\u00f3 que los millones de aficionados que asistir\u00e1n a la Copa Mundial de la FIFA 2026<\/p>\n","protected":false},"author":1,"featured_media":1765,"comment_status":"open","ping_status":"open","sticky":false,"template":"","format":"standard","meta":{"footnotes":""},"categories":[2,9],"tags":[97,458,462,459,145,460,457,461,463,100,81,131,456,455],"class_list":["post-1764","post","type-post","status-publish","format-standard","has-post-thumbnail","hentry","category-security","category-world","tag-advierte","tag-amenazadas","tag-amnistia","tag-crisis","tag-del","tag-derechos","tag-estan","tag-humanos","tag-internacional","tag-las","tag-mundial","tag-por","tag-sedes","tag-todas"],"_links":{"self":[{"href":"https:\/\/resguardodigital.cl\/index.php?rest_route=\/wp\/v2\/posts\/1764","targetHints":{"allow":["GET"]}}],"collection":[{"href":"https:\/\/resguardodigital.cl\/index.php?rest_route=\/wp\/v2\/posts"}],"about":[{"href":"https:\/\/resguardodigital.cl\/index.php?rest_route=\/wp\/v2\/types\/post"}],"author":[{"embeddable":true,"href":"https:\/\/resguardodigital.cl\/index.php?rest_route=\/wp\/v2\/users\/1"}],"replies":[{"embeddable":true,"href":"https:\/\/resguardodigital.cl\/index.php?rest_route=%2Fwp%2Fv2%2Fcomments&post=1764"}],"version-history":[{"count":0,"href":"https:\/\/resguardodigital.cl\/index.php?rest_route=\/wp\/v2\/posts\/1764\/revisions"}],"wp:featuredmedia":[{"embeddable":true,"href":"https:\/\/resguardodigital.cl\/index.php?rest_route=\/wp\/v2\/media\/1765"}],"wp:attachment":[{"href":"https:\/\/resguardodigital.cl\/index.php?rest_route=%2Fwp%2Fv2%2Fmedia&parent=1764"}],"wp:term":[{"taxonomy":"category","embeddable":true,"href":"https:\/\/resguardodigital.cl\/index.php?rest_route=%2Fwp%2Fv2%2Fcategories&post=1764"},{"taxonomy":"post_tag","embeddable":true,"href":"https:\/\/resguardodigital.cl\/index.php?rest_route=%2Fwp%2Fv2%2Ftags&post=1764"}],"curies":[{"name":"wp","href":"https:\/\/api.w.org\/{rel}","templated":true}]}}