{"id":1737,"date":"2026-03-25T20:45:17","date_gmt":"2026-03-25T20:45:17","guid":{"rendered":"https:\/\/resguardodigital.cl\/?p=1737"},"modified":"2026-03-25T20:45:17","modified_gmt":"2026-03-25T20:45:17","slug":"13-mexicanos-han-muerto-bajo-custodia-del-ice-y-mas-de-170000-han-sido-detenidos-sre","status":"publish","type":"post","link":"https:\/\/resguardodigital.cl\/?p=1737","title":{"rendered":"13 mexicanos han muerto bajo custodia del ICE y m\u00e1s de 170,000 han sido detenidos: SRE"},"content":{"rendered":"<div>\n<p>Entre 2025 y lo que va del presente a\u00f1o, 13 personas de origen mexicano han perdido la vida en operativos migratorios o bajo custodia del Servicio de Inmigraci\u00f3n y Control de Aduanas de Estados Unidos (ICE, por sus siglas en ingl\u00e9s). El Gobierno de M\u00e9xico inform\u00f3 que, en respuesta, se han presentado al menos dos demandas formales y enviado m\u00e1s de una decena de notas diplom\u00e1ticas para exigir el esclarecimiento de los casos y justicia para las v\u00edctimas.<\/p>\n<p>Roberto Velasco \u00c1lvarez, subsecretario para Am\u00e9rica del Norte de la Secretar\u00eda de Relaciones Exteriores (SRE), calific\u00f3 la situaci\u00f3n como un fen\u00f3meno \u201cdoloroso, desgarrador y absolutamente inaceptable para el gobierno de M\u00e9xico\u201d. En conferencia de prensa, precis\u00f3 que <strong>la mayor\u00eda de los decesos se han registrado en el estado de California<\/strong>, donde se contabilizan cuatro fallecimientos. El resto se distribuye en Georgia, Arizona, Texas, Florida y Missouri.<\/p>\n<hr\/>\n<div class=\"ContentCardEmbedWrapper-hkvhYu kMYDit content-card-embed content-card-embed--stacked\" data-testid=\"ContentCardEmbedWrapper\">\n<div class=\"ContentCardEmbedImage-bqahne fjmzkP content-card-embed__image\" data-testid=\"ContentCardEmbedImage\"><span class=\"SpanWrapper-kFnjvc eKnjjD responsive-asset\"><picture class=\"ResponsiveImagePicture-jKunQM gjCCFj responsive-image\"><\/picture><\/span><\/div>\n<div class=\"ContentCardEmbedInfo-buyHWH gWLOee\">\n<div class=\"BaseText-fEwdHD ContentCardEmbedHed-kDKGDs fUtEc dlHXUJ content-card-embed__hed\" data-testid=\"ContentCardEmbedHed\">Hay cientos de informes por abuso f\u00edsico y sexual en los centros de detenci\u00f3n de migrantes del ICE<\/div>\n<p>Dirigida por el senador estadounidense Jon Ossoff, una investigaci\u00f3n cita cientos de informes desde enero, incluidos relatos de abortos espont\u00e1neos, negligencia infantil y abusos sexuales en centros de detenci\u00f3n del ICE en docenas de estados.<\/p>\n<\/div>\n<\/div>\n<hr\/>\n<p>El reporte a\u00f1ade que las personas fallecidas ten\u00edan entre 19 y 69 a\u00f1os. El funcionario detall\u00f3 que <strong>las causas de muerte a\u00fan se encuentran bajo investigaci\u00f3n.<\/strong> No obstante, indic\u00f3 que los informes preliminares identifican seis casos por complicaciones m\u00e9dicas, cuatro suicidios, dos muertes durante operativos migratorios y una derivada de un tiroteo en un centro de detenci\u00f3n del ICE.<\/p>\n<p>El gobierno mexicano ha manifestado su preocupaci\u00f3n y exigido indagatorias sobre estos hechos mediante el env\u00edo de 14 notas diplom\u00e1ticas, de las cuales 12 ya fueron respondidas por la Oficina de Responsabilidad Profesional del ICE. Velasco agreg\u00f3 que, hasta el momento, se han interpuesto dos demandas legales por parte de familiares de las v\u00edctimas, mientras que otros diez casos se encuentran en proceso de integraci\u00f3n de expedientes o an\u00e1lisis jur\u00eddico. \u201cBuscamos que haya justicia para las familias de estas personas que, muy tristemente, perdieron la vida\u201d, asegur\u00f3.<\/p>\n<p>Por su parte, Juan Ram\u00f3n de la Fuente, titular de la SRE, inform\u00f3 que <strong>desde el 20 de enero (cuando inici\u00f3 el segundo mandato de Donald Trump) a la fecha alrededor de 177,000 mexicanos han sido detenidos en Estados Unidos<\/strong>, de los cuales 13,722 permanecen bajo custodia. Subray\u00f3 que las autoridades consulares realizan un promedio de 30 visitas diarias a distintos centros de detenci\u00f3n y atienden cerca de 5,285 casos en litigio.<\/p>\n<p>Hasta el momento, la SRE ha destinado 22,280 d\u00f3lares en apoyos econ\u00f3micos para la repatriaci\u00f3n de los restos de cinco connacionales. Velasco a\u00f1adi\u00f3 que, a trav\u00e9s del programa \u2018M\u00e9xico con M de Migrante\u2019, se han ejercido m\u00e1s de 31 millones de pesos para atender a m\u00e1s de 2,300 personas fuera del pa\u00eds. Estas acciones incluyen la representaci\u00f3n legal en materia migratoria y penal en 128 casos, el pago de 16 fianzas (con un promedio de 4,780 d\u00f3lares cada una), as\u00ed como visitas a centros de detenci\u00f3n y jornadas informativas sobre derechos.<\/p>\n<figure class=\"AssetEmbedWrapper-iJvQnD cOWUYC asset-embed\">\n<div class=\"AssetEmbedAssetContainer-fnduJP iaVSwI asset-embed__asset-container\"><span class=\"SpanWrapper-kFnjvc eKnjjD responsive-asset AssetEmbedResponsiveAsset-gaAbQ hXaxHA asset-embed__responsive-asset\"><picture class=\"ResponsiveImagePicture-jKunQM gjCCFj AssetEmbedResponsiveAsset-gaAbQ hXaxHA asset-embed__responsive-asset responsive-image\"><img decoding=\"async\" alt=\"SRE muertes mexicanos ICE\" loading=\"lazy\" class=\"ResponsiveImageContainer-dkeESL cQPiWi responsive-image__image\" srcset=\"https:\/\/media.es.wired.com\/photos\/69c4368f220d8279f160f4f3\/master\/w_120,c_limit\/SRE.png 120w, https:\/\/media.es.wired.com\/photos\/69c4368f220d8279f160f4f3\/master\/w_240,c_limit\/SRE.png 240w, https:\/\/media.es.wired.com\/photos\/69c4368f220d8279f160f4f3\/master\/w_320,c_limit\/SRE.png 320w, https:\/\/media.es.wired.com\/photos\/69c4368f220d8279f160f4f3\/master\/w_640,c_limit\/SRE.png 640w, https:\/\/media.es.wired.com\/photos\/69c4368f220d8279f160f4f3\/master\/w_960,c_limit\/SRE.png 960w, https:\/\/media.es.wired.com\/photos\/69c4368f220d8279f160f4f3\/master\/w_1280,c_limit\/SRE.png 1280w, https:\/\/media.es.wired.com\/photos\/69c4368f220d8279f160f4f3\/master\/w_1600,c_limit\/SRE.png 1600w\" sizes=\"100vw\" src=\"https:\/\/media.es.wired.com\/photos\/69c4368f220d8279f160f4f3\/master\/w_1600%2Cc_limit\/SRE.png\"\/><\/picture><\/span><\/div>\n<div class=\"CaptionWrapper-bpPcvW iDPSlt caption AssetEmbedCaption-eZIMNW gMgneI asset-embed__caption\" data-testid=\"caption-wrapper\"><span class=\"BaseText-fEwdHD CaptionText-cQpRdU kRTNAB hbiMYj caption__text\"><\/p>\n<p>Informe sobre los servicios consulares mexicanos en Estados Unidos ante el creciente n\u00famero de muertes bajo custodia del ICE.<\/p>\n<p><\/span><span class=\"BaseText-fEwdHD CaptionCredit-cUgOGk iQbGEh hRFzlA caption__credit\">Cortes\u00eda Secretar\u00eda de Relaciones Exteriores<\/span><\/div>\n<\/figure>\n<\/div>\n","protected":false},"excerpt":{"rendered":"<p>Entre 2025 y lo que va del presente a\u00f1o, 13 personas de origen mexicano han perdido la vida<\/p>\n","protected":false},"author":1,"featured_media":1738,"comment_status":"open","ping_status":"open","sticky":false,"template":"","format":"standard","meta":{"footnotes":""},"categories":[2,9],"tags":[315,316,145,379,376,317,33,375,377,378,380],"class_list":["post-1737","post","type-post","status-publish","format-standard","has-post-thumbnail","hentry","category-security","category-world","tag-bajo","tag-custodia","tag-del","tag-detenidos","tag-han","tag-ice","tag-mas","tag-mexicanos","tag-muerto","tag-sido","tag-sre"],"_links":{"self":[{"href":"https:\/\/resguardodigital.cl\/index.php?rest_route=\/wp\/v2\/posts\/1737","targetHints":{"allow":["GET"]}}],"collection":[{"href":"https:\/\/resguardodigital.cl\/index.php?rest_route=\/wp\/v2\/posts"}],"about":[{"href":"https:\/\/resguardodigital.cl\/index.php?rest_route=\/wp\/v2\/types\/post"}],"author":[{"embeddable":true,"href":"https:\/\/resguardodigital.cl\/index.php?rest_route=\/wp\/v2\/users\/1"}],"replies":[{"embeddable":true,"href":"https:\/\/resguardodigital.cl\/index.php?rest_route=%2Fwp%2Fv2%2Fcomments&post=1737"}],"version-history":[{"count":0,"href":"https:\/\/resguardodigital.cl\/index.php?rest_route=\/wp\/v2\/posts\/1737\/revisions"}],"wp:featuredmedia":[{"embeddable":true,"href":"https:\/\/resguardodigital.cl\/index.php?rest_route=\/wp\/v2\/media\/1738"}],"wp:attachment":[{"href":"https:\/\/resguardodigital.cl\/index.php?rest_route=%2Fwp%2Fv2%2Fmedia&parent=1737"}],"wp:term":[{"taxonomy":"category","embeddable":true,"href":"https:\/\/resguardodigital.cl\/index.php?rest_route=%2Fwp%2Fv2%2Fcategories&post=1737"},{"taxonomy":"post_tag","embeddable":true,"href":"https:\/\/resguardodigital.cl\/index.php?rest_route=%2Fwp%2Fv2%2Ftags&post=1737"}],"curies":[{"name":"wp","href":"https:\/\/api.w.org\/{rel}","templated":true}]}}