{"id":1711,"date":"2026-03-19T23:32:12","date_gmt":"2026-03-19T23:32:12","guid":{"rendered":"https:\/\/resguardodigital.cl\/?p=1711"},"modified":"2026-03-19T23:32:12","modified_gmt":"2026-03-19T23:32:12","slug":"un-mexicano-mas-muere-bajo-custodia-del-ice-el-mas-joven-hasta-ahora","status":"publish","type":"post","link":"https:\/\/resguardodigital.cl\/?p=1711","title":{"rendered":"Un mexicano m\u00e1s muere bajo custodia del ICE, el m\u00e1s joven hasta ahora"},"content":{"rendered":"<div>\n<p>El mexicano Royer P\u00e9rez Jim\u00e9nez falleci\u00f3 esta semana mientras se encontraba bajo custodia del Servicio de Inmigraci\u00f3n y Control de Aduanas de Estados Unidos (ICE, por sus siglas en ingl\u00e9s), en el Centro de Detenci\u00f3n del Condado de Glades, ubicado en Moore Haven, Florida. De 19 a\u00f1os de edad, una fuente extraoficinal indic\u00f3 que se trata del ciudadano mexicano m\u00e1s joven que pierde la vida bajo resguardo de la agencia migratoria durante el segundo mandato de Donald Trump.<\/p>\n<p>De acuerdo con el reporte oficial, P\u00e9rez Jim\u00e9nez ingres\u00f3 de manera irregular a territorio estadounidense el 19 de febrero de 2022. Tras ser interceptado por la Patrulla Fronteriza, se le permiti\u00f3 regresar voluntariamente a M\u00e9xico ese mismo d\u00eda. No obstante, \u201cen una fecha no especificada, reingres\u00f3 ilegalmente a Estados Unidos, lo cual constituye un delito federal\u201d, se\u00f1ala el informe del ICE.<\/p>\n<hr\/>\n<div class=\"ContentCardEmbedWrapper-hkvhYu kMYDit content-card-embed content-card-embed--stacked\" data-testid=\"ContentCardEmbedWrapper\">\n<div class=\"ContentCardEmbedImage-bqahne fjmzkP content-card-embed__image\" data-testid=\"ContentCardEmbedImage\"><span class=\"SpanWrapper-kFnjvc eKnjjD responsive-asset\"><picture class=\"ResponsiveImagePicture-jKunQM gjCCFj responsive-image\"><\/picture><\/span><\/div>\n<div class=\"ContentCardEmbedInfo-buyHWH gWLOee\">\n<div class=\"BaseText-fEwdHD ContentCardEmbedHed-kDKGDs fUtEc dlHXUJ content-card-embed__hed\" data-testid=\"ContentCardEmbedHed\">Por qu\u00e9 el ICE puede matar con impunidad<\/div>\n<p>En la \u00faltima d\u00e9cada, agentes de inmigraci\u00f3n estadounidenses han disparado y matado a m\u00e1s de dos docenas de personas. Ni un solo agente parece haberse enfrentado a cargos penales.<\/p>\n<\/div>\n<\/div>\n<hr\/>\n<p>A finales de enero pasado, el joven fue detenido por la Oficina del Sheriff del Condado de Volusia, <strong>acusado de fraude grave por suplantaci\u00f3n de identidad y de resistencia a la autoridad<\/strong>. Un mes m\u00e1s tarde, qued\u00f3 bajo custodia de las autoridades migratorias y fue trasladado al centro de detenci\u00f3n donde falleci\u00f3 el 16 de marzo, \u201cpor un presunto suicidio\u201d; sin embargo, la causa oficial del deceso contin\u00faa bajo investigaci\u00f3n, seg\u00fan indicaron las autoridades estadounidenses.<\/p>\n<p>Cabe se\u00f1alar que, al ingresar al centro de detenci\u00f3n, P\u00e9rez neg\u00f3 tener antecedentes de problemas de salud mental y, de acuerdo con <a href=\"https:\/\/www.ice.gov\/news\/releases\/criminal-illegal-alien-mexico-passes-away-glades-county-detention-facility\" class=\"link\">el informe<\/a>, los especialistas no detectaron riesgo de suicidio con base en la informaci\u00f3n proporcionada por el propio detenido.<\/p>\n<p>El ICE notific\u00f3 la muerte al Departamento de Seguridad Nacional, al consulado mexicano y a los familiares del joven a trav\u00e9s de la Oficina de Detenci\u00f3n y Deportaci\u00f3n, \u201cde conformidad con las leyes nacionales e internacionales\u201d. Al cierre de esta edici\u00f3n, las autoridades mexicanas no hab\u00edan emitido una postura sobre este caso.<\/p>\n<h2>El ICE se defiende, mientras el n\u00famero de muertes crece<\/h2>\n<p>Seg\u00fan el \u2018Informe de muertes de detenidos\u2019 del ICE (<em>Detainee Death Reporting<\/em>), entre el 4 de octubre de 2025 y el 6 de enero de este a\u00f1o se documentaron 14 fallecimientos bajo custodia de esa agencia, de los cuales dos corresponden a personas mexicanas.<\/p>\n<p>La dependencia estadounidense sostiene que mantiene el compromiso de garantizar que todas las personas bajo su resguardo permanezcan en entornos seguros, protegidos y dignos. Asimismo, afirma que los detenidos reciben atenci\u00f3n m\u00e9dica integral y servicios de emergencia las 24 horas. \u201cEn ning\u00fan momento durante la detenci\u00f3n se le niega la atenci\u00f3n de emergencia a un extranjero detenido\u201d, asegura. No obstante, diversas organizaciones civiles han advertido sobre posibles violaciones al debido proceso en este tipo de instalaciones.<\/p>\n<p>Por su parte, la Secretar\u00eda de Relaciones Exteriores (SRE) ha reiterado que la atenci\u00f3n a estos casos, as\u00ed como la implementaci\u00f3n de mecanismos para prevenirlos, constituye una prioridad para el gobierno federal.<\/p>\n<p>El canciller Juan Ram\u00f3n de la Fuente se\u00f1al\u00f3 previamente que, hasta octubre pasado, el Gobierno de <strong>M\u00e9xico hab\u00eda enviado 13 notas diplom\u00e1ticas para expresar \u201cpreocupaciones y desacuerdos con las medidas adoptadas\u201d<\/strong>, adem\u00e1s de solicitar el esclarecimiento de diversos incidentes cuando ha sido necesario.<\/p>\n<p>En este contexto, a mediados del a\u00f1o pasado, tras dos operativos migratorios realizados en granjas de producci\u00f3n de cannabis en California, la presidenta Claudia Sheinbaum calific\u00f3 las redadas como \u201cmuy injustas\u201d. Ante ello, anunci\u00f3 la ampliaci\u00f3n del presupuesto destinado a los consulados mexicanos en el exterior, con el objetivo de garantizar \u201capoyo total\u201d a quienes enfrenten procesos migratorios. Tambi\u00e9n adelant\u00f3 la simplificaci\u00f3n de diversos tr\u00e1mites para agilizar la atenci\u00f3n y el acompa\u00f1amiento legal.<\/p>\n<p>De acuerdo con la edici\u00f3n del 12 de diciembre del <em>Diario Oficial de la Federaci\u00f3n<\/em>, para el ejercicio fiscal 2026 la SRE contar\u00e1 con un presupuesto de 9,294 millones de pesos. De ese monto, 493 millones se destinar\u00e1n a la atenci\u00f3n de mexicanos en el extranjero, principalmente en tres rubros.<\/p>\n<p>La agencia de noticias <em>EFE<\/em> <a data-offer-url=\"https:\/\/www.swissinfo.ch\/spa\/muere-un-joven-mexicano-bajo-custodia-de-ice-en-ee.uu.%2C-la-decimotercera-muerte-del-a%C3%B1o\/91129036\" class=\"external-link link\" data-event-click=\"{&quot;element&quot;:&quot;ExternalLink&quot;,&quot;outgoingURL&quot;:&quot;https:\/\/www.swissinfo.ch\/spa\/muere-un-joven-mexicano-bajo-custodia-de-ice-en-ee.uu.%2C-la-decimotercera-muerte-del-a%C3%B1o\/91129036&quot;}\" href=\"https:\/\/www.swissinfo.ch\/spa\/muere-un-joven-mexicano-bajo-custodia-de-ice-en-ee.uu.%2C-la-decimotercera-muerte-del-a%C3%B1o\/91129036\" rel=\"nofollow noopener\" target=\"_blank\">report\u00f3<\/a> que, tras conocer el fallecimiento, los familiares de Royer P\u00e9rez Jim\u00e9nez (originario de una comunidad ind\u00edgena del estado de Chiapas) difundieron un video en Facebook en su lengua materna, en el que solicitan apoyo para repatriar el cuerpo.<\/p>\n<\/div>\n","protected":false},"excerpt":{"rendered":"<p>El mexicano Royer P\u00e9rez Jim\u00e9nez falleci\u00f3 esta semana mientras se encontraba bajo custodia del Servicio de Inmigraci\u00f3n y<\/p>\n","protected":false},"author":1,"featured_media":1712,"comment_status":"open","ping_status":"open","sticky":false,"template":"","format":"standard","meta":{"footnotes":""},"categories":[2,9],"tags":[319,315,316,145,255,317,318,33,313,314],"class_list":["post-1711","post","type-post","status-publish","format-standard","has-post-thumbnail","hentry","category-security","category-world","tag-ahora","tag-bajo","tag-custodia","tag-del","tag-hasta","tag-ice","tag-joven","tag-mas","tag-mexicano","tag-muere"],"_links":{"self":[{"href":"https:\/\/resguardodigital.cl\/index.php?rest_route=\/wp\/v2\/posts\/1711","targetHints":{"allow":["GET"]}}],"collection":[{"href":"https:\/\/resguardodigital.cl\/index.php?rest_route=\/wp\/v2\/posts"}],"about":[{"href":"https:\/\/resguardodigital.cl\/index.php?rest_route=\/wp\/v2\/types\/post"}],"author":[{"embeddable":true,"href":"https:\/\/resguardodigital.cl\/index.php?rest_route=\/wp\/v2\/users\/1"}],"replies":[{"embeddable":true,"href":"https:\/\/resguardodigital.cl\/index.php?rest_route=%2Fwp%2Fv2%2Fcomments&post=1711"}],"version-history":[{"count":0,"href":"https:\/\/resguardodigital.cl\/index.php?rest_route=\/wp\/v2\/posts\/1711\/revisions"}],"wp:featuredmedia":[{"embeddable":true,"href":"https:\/\/resguardodigital.cl\/index.php?rest_route=\/wp\/v2\/media\/1712"}],"wp:attachment":[{"href":"https:\/\/resguardodigital.cl\/index.php?rest_route=%2Fwp%2Fv2%2Fmedia&parent=1711"}],"wp:term":[{"taxonomy":"category","embeddable":true,"href":"https:\/\/resguardodigital.cl\/index.php?rest_route=%2Fwp%2Fv2%2Fcategories&post=1711"},{"taxonomy":"post_tag","embeddable":true,"href":"https:\/\/resguardodigital.cl\/index.php?rest_route=%2Fwp%2Fv2%2Ftags&post=1711"}],"curies":[{"name":"wp","href":"https:\/\/api.w.org\/{rel}","templated":true}]}}