{"id":1665,"date":"2026-03-15T08:21:10","date_gmt":"2026-03-15T08:21:10","guid":{"rendered":"https:\/\/resguardodigital.cl\/?p=1665"},"modified":"2026-03-15T08:21:10","modified_gmt":"2026-03-15T08:21:10","slug":"trump-remueve-a-kristi-noem-cabeza-de-seguridad-nacional-y-simbolo-de-su-politica-antimigrantes","status":"publish","type":"post","link":"https:\/\/resguardodigital.cl\/?p=1665","title":{"rendered":"Trump remueve a Kristi Noem, cabeza de Seguridad Nacional y s\u00edmbolo de su pol\u00edtica antimigrantes"},"content":{"rendered":"<div>\n<p>Despu\u00e9s de un mandato marcado por la controversia y una dif\u00edcil semana de audiencias en el Congreso, Kristi Noem deja su cargo como jefa del Departamento de Seguridad Nacional de Estados Unidos. Dentro y fuera del pa\u00eds, Noem ha sido reconocida como el rostro de la dura estrategia antimigrantes de Donald Trump.<\/p>\n<p>El presidente republicano anunci\u00f3 el jueves a trav\u00e9s de una <a data-offer-url=\"https:\/\/truthsocial.com\/@realDonaldTrump\/posts\/116178030946996760\" class=\"external-link\" data-event-click=\"{&quot;element&quot;:&quot;ExternalLink&quot;,&quot;outgoingURL&quot;:&quot;https:\/\/truthsocial.com\/@realDonaldTrump\/posts\/116178030946996760&quot;}\" href=\"https:\/\/truthsocial.com\/@realDonaldTrump\/posts\/116178030946996760\" rel=\"nofollow noopener\" target=\"_blank\">publicaci\u00f3n<\/a> de Truth Social que Noem ser\u00eda reemplazada por el senador Markwayne Mullin, de Oklahoma, un firme aliado suyo y partidario de la l\u00ednea dura en materia de inmigraci\u00f3n. \u00abLa actual secretaria, Kristi Noem, quien ha dado un buen servicio y ha obtenido numerosos y espectaculares resultados (\u00a1especialmente en la frontera!), pasar\u00e1 a ser enviada especial para el Escudo de las Am\u00e9ricas, nuestra nueva Iniciativa de Seguridad en el Hemisferio Occidental que anunciaremos el s\u00e1bado en Doral, Florida\u00bb, escribi\u00f3 Trump. \u00abAgradezco a Kristi su servicio en la Seguridad Nacional\u00bb.<\/p>\n<hr\/>\n<div class=\"ContentCardEmbedWrapper-hkvhYu kMYDit content-card-embed content-card-embed--stacked\" data-testid=\"ContentCardEmbedWrapper\">\n<div class=\"ContentCardEmbedImage-bqahne fjmzkP content-card-embed__image\" data-testid=\"ContentCardEmbedImage\"><span class=\"SpanWrapper-kFnjvc eKnjjD responsive-asset\"><picture class=\"ResponsiveImagePicture-jKunQM gjCCFj responsive-image\"><\/picture><\/span><\/div>\n<div class=\"ContentCardEmbedInfo-buyHWH gWLOee\">\n<div class=\"BaseText-fEwdHD ContentCardEmbedHed-kDKGDs fUtEc dlHXUJ content-card-embed__hed\" data-testid=\"ContentCardEmbedHed\">Personal m\u00e9dico asignado a Guant\u00e1namo renuncia por razones \u00e9ticas ante el sufrimiento de migrantes<\/div>\n<p>Cada vez son m\u00e1s los m\u00e9dicos, enfermeros y dem\u00e1s personal asignado a los centros de detenci\u00f3n del ICE. Algunos han renunciado en se\u00f1al de protesta, mientras que otros ofrecen una perspectiva poco habitual sobre las sombr\u00edas condiciones que all\u00ed se viven.<\/p>\n<\/div>\n<\/div>\n<hr\/>\n<p>Las agencias bajo el Departamento de Seguridad Nacional incluyen el Servicio de Inmigraci\u00f3n y Control de Aduanas (ICE) , la Oficina de Aduanas y Protecci\u00f3n Fronteriza de EE UU (<a href=\"https:\/\/www.wired.com\/story\/cbp-signs-clearview-ai-deal-to-use-face-recognition-for-tactical-targeting\/\">CBP<\/a>), la Agencia de Ciberseguridad y Seguridad de Infraestructura (CIA), la Agencia Federal para el Manejo de Emergencias (FEMA), el Servicio de Ciudadan\u00eda e Inmigraci\u00f3n de EE UU (SCIS), la Guardia Costera de EE UU y otras. Se trata de una red extensa cuyas responsabilidades y un presupuesto en r\u00e1pida expansi\u00f3n la han situado en el centro de la reforma radical de la pol\u00edtica migratoria y fronteriza de la administraci\u00f3n Trump.<\/p>\n<p>Durante meses, se especul\u00f3 sobre la salida de Noem. Los detractores han criticado las agresivas t\u00e1cticas de control migratorio de su departamento. Adem\u00e1s<a data-offer-url=\"https:\/\/www.politico.com\/news\/2025\/12\/10\/trump-aides-and-allies-float-potential-noem-successors-as-speculation-grows-over-her-tenure-00684001\" class=\"external-link\" data-event-click=\"{&quot;element&quot;:&quot;ExternalLink&quot;,&quot;outgoingURL&quot;:&quot;https:\/\/www.politico.com\/news\/2025\/12\/10\/trump-aides-and-allies-float-potential-noem-successors-as-speculation-grows-over-her-tenure-00684001&quot;}\" href=\"https:\/\/www.politico.com\/news\/2025\/12\/10\/trump-aides-and-allies-float-potential-noem-successors-as-speculation-grows-over-her-tenure-00684001\" rel=\"nofollow noopener\" target=\"_blank\">,<\/a> Noem y figuras como el zar fronterizo de la Casa Blanca, Tom Homan, han discrepado sobre c\u00f3mo ejecutar la agenda de deportaciones masivas del gobierno. Se dice que Noem y el asesor principal Corey Lewandowski priorizaron el n\u00famero de arrestos y deportaciones por encima de otras consideraciones.<\/p>\n<p>La relaci\u00f3n entre Noem y Lewandowski ha sido objeto de controversia. <em>CNN<\/em> <a data-offer-url=\"https:\/\/www.cnn.com\/2025\/11\/21\/politics\/trump-cabinet-kristi-noem-chris-wright\" class=\"external-link\" data-event-click=\"{&quot;element&quot;:&quot;ExternalLink&quot;,&quot;outgoingURL&quot;:&quot;https:\/\/www.cnn.com\/2025\/11\/21\/politics\/trump-cabinet-kristi-noem-chris-wright&quot;}\" href=\"https:\/\/www.cnn.com\/2025\/11\/21\/politics\/trump-cabinet-kristi-noem-chris-wright\" rel=\"nofollow noopener\" target=\"_blank\">inform\u00f3<\/a> que una reuni\u00f3n en septiembre entre ambos y el presidente Donald Trump se torn\u00f3 \u00abpol\u00e9mica\u00bb. El mes pasado, el <em>Wall Street Journal<\/em> <a data-offer-url=\"https:\/\/www.wsj.com\/politics\/policy\/chaos-kristi-noem-homeland-security-f095ac95\" class=\"external-link\" data-event-click=\"{&quot;element&quot;:&quot;ExternalLink&quot;,&quot;outgoingURL&quot;:&quot;https:\/\/www.wsj.com\/politics\/policy\/chaos-kristi-noem-homeland-security-f095ac95&quot;}\" href=\"https:\/\/www.wsj.com\/politics\/policy\/chaos-kristi-noem-homeland-security-f095ac95\" rel=\"nofollow noopener\" target=\"_blank\">inform\u00f3<\/a> que Lewandowski intent\u00f3 despedir a un piloto durante un vuelo por no cambiar la cobija de Noem de un avi\u00f3n a otro en un transbordo.<\/p>\n<p>La secretaria destituida enfrent\u00f3 un creciente escrutinio por las muertes de ciudadanos estadounidenses durante operativos federales en Minneapolis, incluyendo los asesinatos de Renee Good y Alex Pretti a manos de agentes federales bajo su mando. En ambos casos, Noem calific\u00f3 p\u00fablicamente a los fallecidos de \u00abterroristas dom\u00e9sticos\u00bb, una incriminaci\u00f3n que Trump y otros funcionarios clave de la administraci\u00f3n compartieron. Pruebas en video, testimonios de testigos y un an\u00e1lisis independiente contradijeron las afirmaciones de la agencia, incluyendo las primeras afirmaciones de que Pretti bland\u00eda un arma de fuego.<\/p>\n<p>El escrutinio del mandato de Noem se extiende m\u00e1s all\u00e1 de los tiroteos en Minneapolis. Su liderazgo se caracteriz\u00f3 por un patr\u00f3n de t\u00e1cticas agresivas de aplicaci\u00f3n de la ley, redadas sin orden judicial y campos de detenci\u00f3n masiva. Una directiva pol\u00edtica secreta emitida en mayo de 2025, reportada primero por <a href=\"https:\/\/apnews.com\/article\/ice-arrests-warrants-minneapolis-trump-00d0ab0338e82341fd91b160758aeb2d\"><em>Associated Press<\/em><\/a> , autoriz\u00f3 a los agentes de ICE a ingresar por la fuerza a residencias privadas sin una orden judicial. El memorando, firmado por el director interino de ICE, Todd Lyons, instruy\u00f3 a los agentes a basarse \u00fanicamente en un documento administrativo de deportaci\u00f3n para eludir los requisitos de la Cuarta Enmienda. La pol\u00edtica condujo a m\u00faltiples casos documentados de agentes federales entrando en viviendas equivocadas, incluyendo una redada en enero en Minnesota, donde los agentes deportaron a un ciudadano estadounidense a punta de pistola sin una raz\u00f3n leg\u00edtima.<\/p>\n<\/div>\n","protected":false},"excerpt":{"rendered":"<p>Despu\u00e9s de un mandato marcado por la controversia y una dif\u00edcil semana de audiencias en el Congreso, Kristi<\/p>\n","protected":false},"author":1,"featured_media":1666,"comment_status":"open","ping_status":"open","sticky":false,"template":"","format":"standard","meta":{"footnotes":""},"categories":[2,9],"tags":[196,192,190,193,191,195,189,180,194,139],"class_list":["post-1665","post","type-post","status-publish","format-standard","has-post-thumbnail","hentry","category-security","category-world","tag-antimigrantes","tag-cabeza","tag-kristi","tag-nacional","tag-noem","tag-politica","tag-remueve","tag-seguridad","tag-simbolo","tag-trump"],"_links":{"self":[{"href":"https:\/\/resguardodigital.cl\/index.php?rest_route=\/wp\/v2\/posts\/1665","targetHints":{"allow":["GET"]}}],"collection":[{"href":"https:\/\/resguardodigital.cl\/index.php?rest_route=\/wp\/v2\/posts"}],"about":[{"href":"https:\/\/resguardodigital.cl\/index.php?rest_route=\/wp\/v2\/types\/post"}],"author":[{"embeddable":true,"href":"https:\/\/resguardodigital.cl\/index.php?rest_route=\/wp\/v2\/users\/1"}],"replies":[{"embeddable":true,"href":"https:\/\/resguardodigital.cl\/index.php?rest_route=%2Fwp%2Fv2%2Fcomments&post=1665"}],"version-history":[{"count":0,"href":"https:\/\/resguardodigital.cl\/index.php?rest_route=\/wp\/v2\/posts\/1665\/revisions"}],"wp:featuredmedia":[{"embeddable":true,"href":"https:\/\/resguardodigital.cl\/index.php?rest_route=\/wp\/v2\/media\/1666"}],"wp:attachment":[{"href":"https:\/\/resguardodigital.cl\/index.php?rest_route=%2Fwp%2Fv2%2Fmedia&parent=1665"}],"wp:term":[{"taxonomy":"category","embeddable":true,"href":"https:\/\/resguardodigital.cl\/index.php?rest_route=%2Fwp%2Fv2%2Fcategories&post=1665"},{"taxonomy":"post_tag","embeddable":true,"href":"https:\/\/resguardodigital.cl\/index.php?rest_route=%2Fwp%2Fv2%2Ftags&post=1665"}],"curies":[{"name":"wp","href":"https:\/\/api.w.org\/{rel}","templated":true}]}}